{"id":7099,"date":"2019-12-29T13:28:27","date_gmt":"2019-12-29T19:28:27","guid":{"rendered":"http:\/\/www.zonaroja.com.mx\/?p=7099"},"modified":"2019-12-29T13:28:43","modified_gmt":"2019-12-29T19:28:43","slug":"artista-oaxaqueno-ilustra-para-promocionales-de-serie-estadounidense","status":"publish","type":"post","link":"https:\/\/zonaroja.com.mx\/?p=7099","title":{"rendered":"Artista oaxaque\u00f1o ilustra para promocionales de serie estadounidense"},"content":{"rendered":"\n<p>Evlin Arag\u00f3n\/Zona Roja.<\/p>\n\n\n\n<p>Oaxaca de Ju\u00e1rez, Oax., 29 de diciembre\nde 2019.- A sus 26 a\u00f1os de edad, Carlos Baz\u00e1n Ramos, artista oaxaque\u00f1o\noriginario de San Crist\u00f3bal Suchixtlahuaca, fue invitado a dise\u00f1ar el arte que\nacompa\u00f1a las im\u00e1genes del nuevo lanzamiento de la serie estadounidense \u201cParty\nof five\u201d.<\/p>\n\n\n\n<p>Se trata de un \u201cremake\u201d de la historia\nproducida por el canal de televisi\u00f3n FOX que se desarroll\u00f3 de 1994 al 2000 y\nque relata la vida de cinco j\u00f3venes que deben sobreponerse a la muerte de su\nmadre y padre.<\/p>\n\n\n\n<p>Enormes espectaculares y parabuses publicitarios ubicados en Los \u00c1ngeles California, que anuncian el inicio de la historia, muestran a las y los protagonistas posando delante de dos murales llenos de color: un nido de aves y un enorme \u00e1rbol que hablan de los lazos familiares que se mantienen pese a las dificultades de la vida, ambos fueron realizados por el oaxaque\u00f1o.<\/p>\n\n\n\n<figure class=\"wp-block-image\"><img decoding=\"async\" width=\"750\" height=\"743\" src=\"http:\/\/www.zonaroja.com.mx\/wp-content\/uploads\/2019\/12\/Carlos-Baz\u00e1n-2.jpg\" alt=\"\" class=\"wp-image-7101\" srcset=\"https:\/\/zonaroja.com.mx\/wp-content\/uploads\/2019\/12\/Carlos-Baz\u00e1n-2.jpg 750w, https:\/\/zonaroja.com.mx\/wp-content\/uploads\/2019\/12\/Carlos-Baz\u00e1n-2-150x150.jpg 150w, https:\/\/zonaroja.com.mx\/wp-content\/uploads\/2019\/12\/Carlos-Baz\u00e1n-2-300x297.jpg 300w, https:\/\/zonaroja.com.mx\/wp-content\/uploads\/2019\/12\/Carlos-Baz\u00e1n-2-585x580.jpg 585w\" sizes=\"(max-width: 750px) 100vw, 750px\" \/><\/figure>\n\n\n\n<p>\u201cMuy agradecido por la invitaci\u00f3n para\ncrear la parte pict\u00f3rica de la serie de televisi\u00f3n de Estados Unidos: \u2018Party of\nfive\u2019. El estreno es el 8 de enero de 2020 por Freeform.<\/p>\n\n\n\n<p>#LosAngeles #Freeform #Waltdisney\n#hollywood #TVSeries #switch #creative #carlosbazan #artelatinoamericano\n#artemexicano #arteoaxaque\u00f1o #artemixteco #artechocholteco\u201d, cita en su p\u00e1gina\nde Facebook.<\/p>\n\n\n\n<p>Nacido en el seno de una familia de escasos recursos econ\u00f3micos, la incursi\u00f3n de Carlos en las artes inici\u00f3 en el 2008 cuando estudi\u00f3 pintura y dibujo con el pintor espa\u00f1ol Enrique Martorell, de quien previamente hab\u00eda visto la obra, y posteriormente con el maestro Jes\u00fas Gonz\u00e1lez Guti\u00e9rrez, ambos procesos en la Casa de la Cultura de San Pedro y San Pablo Teposcolula.<\/p>\n\n\n\n<figure class=\"wp-block-image\"><img decoding=\"async\" width=\"650\" height=\"960\" src=\"http:\/\/www.zonaroja.com.mx\/wp-content\/uploads\/2019\/12\/Carlos-Baz\u00e1n-1.jpg\" alt=\"\" class=\"wp-image-7102\" srcset=\"https:\/\/zonaroja.com.mx\/wp-content\/uploads\/2019\/12\/Carlos-Baz\u00e1n-1.jpg 650w, https:\/\/zonaroja.com.mx\/wp-content\/uploads\/2019\/12\/Carlos-Baz\u00e1n-1-203x300.jpg 203w, https:\/\/zonaroja.com.mx\/wp-content\/uploads\/2019\/12\/Carlos-Baz\u00e1n-1-585x864.jpg 585w\" sizes=\"(max-width: 650px) 100vw, 650px\" \/><\/figure>\n\n\n\n<p>Orgulloso de sus ra\u00edces que incluso\npresume a trav\u00e9s de las redes sociales, su primer mural colectivo fue titulado\n\u201cTamazul\u00e1pam: regi\u00f3n Mixteca\u201d realizado en el 2008 en la Casa del Sol de Villa\nde Tamazul\u00e1pam del Progreso y un a\u00f1o despu\u00e9s realiz\u00f3 el mural \u201cYucundaa y su\nhistoria\u201d en la localidad de San Pedro y San Pablo Teposcolula.<\/p>\n\n\n\n<p>Carlos utiliza los colores de una manera\n\u00fanica que dan un toque m\u00e1gico a cada una de sus obras en las que retrata\nanimales, aves, \u00e1rboles, flores y calaveras forman parte de sus piezas que\nest\u00e1n consideradas dentro del movimiento \u201crealismo m\u00e1gico\u201d y lo han convertido\nen uno de los artistas j\u00f3venes m\u00e1s prometedores de las artes pl\u00e1sticas\nmexicanas, de acuerdo con la cr\u00edtica especializada.<\/p>\n\n\n\n<p>Su trabajo in\u00e9dito est\u00e1 inspirado en su\nentorno y&nbsp; su vida diaria, incluso se\npueden apreciar historias y leyendas de la regi\u00f3n Mixteca que corren por sus\nvenas y que le han permitido exponer en Monterrey, Durango, Canc\u00fan, Cozumel,\nCiudad de M\u00e9xico, Chihuahua, Quer\u00e9taro, y su natal Oaxaca; as\u00ed como en Espa\u00f1a,\ny algunas ciudades de Estados Unidos como: Los \u00c1ngeles,&nbsp; Laguna Beach, San Diego, Chicago y Miami.<\/p>\n\n\n\n<p>\u201cMe di cuenta que prefiero vivir toda mi vida pintando que est\u00e1 metido trabajando en otra cosa\u201d, declar\u00f3 hace unos meses el joven artista a un medio de comunicaci\u00f3n local.<\/p>\n\n\n\n<figure class=\"wp-block-image\"><img decoding=\"async\" width=\"750\" height=\"723\" src=\"http:\/\/www.zonaroja.com.mx\/wp-content\/uploads\/2019\/12\/Carlos-Baz\u00e1n-4.jpg\" alt=\"\" class=\"wp-image-7103\" srcset=\"https:\/\/zonaroja.com.mx\/wp-content\/uploads\/2019\/12\/Carlos-Baz\u00e1n-4.jpg 750w, https:\/\/zonaroja.com.mx\/wp-content\/uploads\/2019\/12\/Carlos-Baz\u00e1n-4-300x289.jpg 300w, https:\/\/zonaroja.com.mx\/wp-content\/uploads\/2019\/12\/Carlos-Baz\u00e1n-4-585x564.jpg 585w\" sizes=\"(max-width: 750px) 100vw, 750px\" \/><\/figure>\n","protected":false},"excerpt":{"rendered":"<p>Evlin Arag\u00f3n\/Zona Roja. Oaxaca de Ju\u00e1rez, Oax., 29 de diciembre de 2019.- A sus 26&hellip;<\/p>\n","protected":false},"author":2,"featured_media":7100,"comment_status":"closed","ping_status":"open","sticky":false,"template":"","format":"standard","meta":{"_lmt_disableupdate":"","_lmt_disable":"","_jetpack_memberships_contains_paid_content":false,"footnotes":""},"categories":[109,46],"tags":[1199,1198],"class_list":["post-7099","post","type-post","status-publish","format-standard","has-post-thumbnail","hentry","category-minuto-a-minuto","category-zona-blanca","tag-party-of-five","tag-carlos-bazan-ramos"],"jetpack_featured_media_url":"https:\/\/zonaroja.com.mx\/wp-content\/uploads\/2019\/12\/Carlos-Baz\u00e1n-3.jpg","jetpack_sharing_enabled":true,"_links":{"self":[{"href":"https:\/\/zonaroja.com.mx\/index.php?rest_route=\/wp\/v2\/posts\/7099","targetHints":{"allow":["GET"]}}],"collection":[{"href":"https:\/\/zonaroja.com.mx\/index.php?rest_route=\/wp\/v2\/posts"}],"about":[{"href":"https:\/\/zonaroja.com.mx\/index.php?rest_route=\/wp\/v2\/types\/post"}],"author":[{"embeddable":true,"href":"https:\/\/zonaroja.com.mx\/index.php?rest_route=\/wp\/v2\/users\/2"}],"replies":[{"embeddable":true,"href":"https:\/\/zonaroja.com.mx\/index.php?rest_route=%2Fwp%2Fv2%2Fcomments&post=7099"}],"version-history":[{"count":1,"href":"https:\/\/zonaroja.com.mx\/index.php?rest_route=\/wp\/v2\/posts\/7099\/revisions"}],"predecessor-version":[{"id":7104,"href":"https:\/\/zonaroja.com.mx\/index.php?rest_route=\/wp\/v2\/posts\/7099\/revisions\/7104"}],"wp:featuredmedia":[{"embeddable":true,"href":"https:\/\/zonaroja.com.mx\/index.php?rest_route=\/wp\/v2\/media\/7100"}],"wp:attachment":[{"href":"https:\/\/zonaroja.com.mx\/index.php?rest_route=%2Fwp%2Fv2%2Fmedia&parent=7099"}],"wp:term":[{"taxonomy":"category","embeddable":true,"href":"https:\/\/zonaroja.com.mx\/index.php?rest_route=%2Fwp%2Fv2%2Fcategories&post=7099"},{"taxonomy":"post_tag","embeddable":true,"href":"https:\/\/zonaroja.com.mx\/index.php?rest_route=%2Fwp%2Fv2%2Ftags&post=7099"}],"curies":[{"name":"wp","href":"https:\/\/api.w.org\/{rel}","templated":true}]}}