{"id":70990,"date":"2024-08-02T10:43:00","date_gmt":"2024-08-02T16:43:00","guid":{"rendered":"https:\/\/zonaroja.com.mx\/?p=70990"},"modified":"2024-08-02T07:59:05","modified_gmt":"2024-08-02T13:59:05","slug":"consideran-caso-complejo-el-de-el-mayo-sigue-enredo-en-detenciones","status":"publish","type":"post","link":"https:\/\/zonaroja.com.mx\/?p=70990","title":{"rendered":"Consideran caso complejo el de \u201cEl Mayo\u201d; sigue enredo en detenciones"},"content":{"rendered":"\n<p>Redacci\u00f3n\/Zona Roja Cdmx.<\/p>\n\n\n\n<p>Ciudad de M\u00e9xico, a 2 de agosto de 2024.-En silla de ruedas, el narcotraficante mexicano Ismael&nbsp;\u201cEl Mayo\u201d&nbsp;Zambada enfrent\u00f3 ayer su segunda comparecencia en un tribunal federal de Texas, tras haber sido detenido la semana pasada.<\/p>\n\n\n\n<p>Su pr\u00f3xima audiencia est\u00e1 programada para el 9 de septiembre. Sus abogados se negaron a hacer comentarios tras la breve diligencia, que presidi\u00f3 la jueza federal de distrito Kathleen Cardone.<\/p>\n\n\n\n<p>\u201cEl Mayo\u201d, de 76 a\u00f1os, llevaba una pulsera de hospital. Est\u00e1 detenido sin derecho a fianza y se declar\u00f3 no culpable durante una audiencia la semana pasada, a la que tambi\u00e9n asisti\u00f3 en silla de ruedas.<\/p>\n\n\n\n<p>Antes de la sesi\u00f3n, la fiscal\u00eda present\u00f3 una moci\u00f3n ante el distrito judicial para declarar este caso como&nbsp;\u201ccomplejo\u201d, un recurso que evita un juicio r\u00e1pido.<\/p>\n\n\n\n<p>Los fiscales alegan que los cargos contra Zambada se relacionan con un proceso de 2012 en un gran jurado contra 24 miembros del c\u00e1rtel de Sinaloa.<\/p>\n\n\n\n<p>De ese expediente surgen las siete acusaciones contra&nbsp;\u201cEl Mayo\u201d: delincuencia organizada, dos acusaciones por tr\u00e1fico de coca\u00edna y mariguana; lavado de dinero; posesi\u00f3n de armas de fuego; homicidio agravado y actividades criminales continuadas por d\u00e9cadas.<\/p>\n\n\n\n<p>La audiencia de este jueves incluy\u00f3 discusiones sobre si Zambada deber\u00eda ser juzgado con los otros acusados o por separado.<\/p>\n\n\n\n<p>De esos acusados, Estados Unidos ha logrado la extradici\u00f3n de algunos y ha conseguido sentencias.<\/p>\n\n\n\n<p>En la audiencia del jueves, la jueza Cardone pregunt\u00f3 a Zambada si estaba al tanto de que tener al mismo abogado que su hijo, Vicente Zambada Niebla,&nbsp;\u201cEl Vicentillo\u201d, pudiera representar un conflicto de inter\u00e9s.&nbsp;\u201cEl Mayo\u201d&nbsp;respondi\u00f3 que s\u00ed.<\/p>\n\n\n\n<p>\u201cEl Vicentillo\u201d&nbsp;fue extraditado a Estados Unidos en 2010 y lleg\u00f3 a un acuerdo de cooperaci\u00f3n con las autoridades. Con una sentencia de 15 a\u00f1os de prisi\u00f3n, fue excarcelado en 2021 y se supone que es testigo protegido. Su abogado, Frank P\u00e9rez, es el mismo de&nbsp;\u201cEl Mayo\u201d.<\/p>\n\n\n\n<p>La corte de distrito fij\u00f3 el 11 de septiembre como plazo para un posible acuerdo entre&nbsp;El Mayo&nbsp;y los fiscales, aunque la fecha puede moverse.<\/p>\n\n\n\n<p>Zambada, antiguo l\u00edder del c\u00e1rtel de Sinaloa, eludi\u00f3 a las autoridades durante d\u00e9cadas hasta que un avi\u00f3n en el que iba a bordo junto con Joaqu\u00edn Guzm\u00e1n L\u00f3pez, hijo del notorio capo mexicano Joaqu\u00edn&nbsp;\u201cEl Chapo\u201d&nbsp;Guzm\u00e1n, aterriz\u00f3 en un aeropuerto cercano a El Paso el 25 de julio.<\/p>\n\n\n\n<p>Ambos hombres fueron arrestados y permanecen encarcelados. Guzm\u00e1n L\u00f3pez, de 38 a\u00f1os, se declar\u00f3 no culpable el martes de cargos de narcotr\u00e1fico y otros delitos ante un tribunal federal de Chicago.<\/p>\n\n\n\n<p>A\u00fan es muy poco lo que se conoce sobre los detalles de ese viaje.<\/p>\n\n\n\n<p>Se pensaba que Zambada participaba m\u00e1s en las operaciones cotidianas del c\u00e1rtel que su l\u00edder m\u00e1s conocido,&nbsp;\u201cEl Chapo\u201d, quien fue sentenciado a cadena perpetua en Estados Unidos en 2019.<\/p>\n\n\n\n<p>Zambada tiene procesos en su contra en varios estados de Estados Unidos, entre ellos Nueva York y California. Los fiscales presentaron una nueva acusaci\u00f3n contra \u00e9l en la Urbe de Hierro en febrero, en la que lo describieron como el&nbsp;\u201cprincipal l\u00edder de la empresa criminal responsable de importar enormes cantidades de narc\u00f3ticos a EU\u201d.<\/p>\n\n\n\n<p>(Con informaci\u00f3n de AP, en \u201cLa Jornada\u201d)<\/p>\n","protected":false},"excerpt":{"rendered":"<p>Redacci\u00f3n\/Zona Roja Cdmx. Ciudad de M\u00e9xico, a 2 de agosto de 2024.-En silla de ruedas,&hellip;<\/p>\n","protected":false},"author":2,"featured_media":70991,"comment_status":"closed","ping_status":"open","sticky":false,"template":"","format":"standard","meta":{"_lmt_disableupdate":"","_lmt_disable":"","_jetpack_memberships_contains_paid_content":false,"footnotes":""},"categories":[109,47],"tags":[3847],"class_list":["post-70990","post","type-post","status-publish","format-standard","has-post-thumbnail","hentry","category-minuto-a-minuto","category-zona-gris","tag-ismael-el-mayo-zambada"],"jetpack_featured_media_url":"https:\/\/zonaroja.com.mx\/wp-content\/uploads\/2024\/08\/Audiencia-Mayo-Zambada.jpg","jetpack_sharing_enabled":true,"_links":{"self":[{"href":"https:\/\/zonaroja.com.mx\/index.php?rest_route=\/wp\/v2\/posts\/70990","targetHints":{"allow":["GET"]}}],"collection":[{"href":"https:\/\/zonaroja.com.mx\/index.php?rest_route=\/wp\/v2\/posts"}],"about":[{"href":"https:\/\/zonaroja.com.mx\/index.php?rest_route=\/wp\/v2\/types\/post"}],"author":[{"embeddable":true,"href":"https:\/\/zonaroja.com.mx\/index.php?rest_route=\/wp\/v2\/users\/2"}],"replies":[{"embeddable":true,"href":"https:\/\/zonaroja.com.mx\/index.php?rest_route=%2Fwp%2Fv2%2Fcomments&post=70990"}],"version-history":[{"count":1,"href":"https:\/\/zonaroja.com.mx\/index.php?rest_route=\/wp\/v2\/posts\/70990\/revisions"}],"predecessor-version":[{"id":70992,"href":"https:\/\/zonaroja.com.mx\/index.php?rest_route=\/wp\/v2\/posts\/70990\/revisions\/70992"}],"wp:featuredmedia":[{"embeddable":true,"href":"https:\/\/zonaroja.com.mx\/index.php?rest_route=\/wp\/v2\/media\/70991"}],"wp:attachment":[{"href":"https:\/\/zonaroja.com.mx\/index.php?rest_route=%2Fwp%2Fv2%2Fmedia&parent=70990"}],"wp:term":[{"taxonomy":"category","embeddable":true,"href":"https:\/\/zonaroja.com.mx\/index.php?rest_route=%2Fwp%2Fv2%2Fcategories&post=70990"},{"taxonomy":"post_tag","embeddable":true,"href":"https:\/\/zonaroja.com.mx\/index.php?rest_route=%2Fwp%2Fv2%2Ftags&post=70990"}],"curies":[{"name":"wp","href":"https:\/\/api.w.org\/{rel}","templated":true}]}}