{"id":70993,"date":"2024-08-02T10:34:00","date_gmt":"2024-08-02T16:34:00","guid":{"rendered":"https:\/\/zonaroja.com.mx\/?p=70993"},"modified":"2024-08-02T13:00:14","modified_gmt":"2024-08-02T19:00:14","slug":"dialoga-sindicato-autonomo-con-ayuntamiento-de-oaxaca-prorroga-huelga","status":"publish","type":"post","link":"https:\/\/zonaroja.com.mx\/?p=70993","title":{"rendered":"Hay di\u00e1logo con sindicatos: Neri; el Aut\u00f3nomo prorroga huelga"},"content":{"rendered":"\n<p>Raymundo Morales\/Zona Roja.<\/p>\n\n\n\n<p>Oaxaca de Ju\u00e1rez, Oax., a 2 de agosto de 2024.- Tras diversas movilizaciones, antes de entregar formalmente el pliego petitorio, el Sindicato Aut\u00f3nomo dialoga con el ayuntamiento de Oaxaca de Ju\u00e1rez, para atender las demandas laborales.<\/p>\n\n\n\n<p>El presidente municipal Francisco Mart\u00ednez Neri destac\u00f3 en entrevista que hay disposici\u00f3n de las partes para alcanzar un acuerdo.<\/p>\n\n\n\n<p>\u201cComo es natural, los sindicatos buscan los beneficios que consideran pertinentes, y su contraparte, el gobierno municipal en este caso, busca que haya un equilibrio en las finanzas en lo que se da, en lo que se otorga\u201d, dijo.<\/p>\n\n\n\n<p>Abund\u00f3 que se ha avanzado en las mesas de di\u00e1logo instaladas y consider\u00f3 que se alcanzar\u00e1n acuerdos favorables para ambas partes; el gremio por lo pronto prorrog\u00f3 su estallamiento a huelga.<\/p>\n\n\n\n<p>Respecto a las quejas por un trato diferenciado al Sindicato Aut\u00f3nomo, el primer concejal respondi\u00f3:<\/p>\n\n\n\n<p>\u201cCada uno tiene su contrato y tiene especificadas sus prestaciones y a nadie se le da menos que a otros, en el caso de los polic\u00edas, hay otro tipo de situaci\u00f3n pero en el caso del trabajador, las prestaciones de su contrato esas se revisan\u201d.<\/p>\n\n\n\n<p>\u00bfHay un tema pol\u00edtico en las movilizaciones?<\/p>\n\n\n\n<p>\u2014Siempre en los t\u00e9rminos de gesti\u00f3n hay situaciones estas que me parecen natural, en que se buscan algunos beneficios adicionales\u2026 no veo hasta ahora que se est\u00e9 generado una situaci\u00f3n espec\u00edfica.<\/p>\n\n\n\n<p>En el tema de los polic\u00edas municipales que se inconformaron la semana pasada, Mart\u00ednez Neri expuso que dialog\u00f3 con ellos y se busca subsanar cualquier falta; asimismo, se prepara la entrega de uniformes y equipamiento para este a\u00f1o.<\/p>\n\n\n\n<p>Respecto a la impugnaci\u00f3n por las elecciones del pasado 2 de junio, consider\u00f3 que este mes podr\u00eda el Tribunal Electoral del Estado de Oaxaca dar su fallo y en su caso se considerar\u00e1 acudir a otras instancias nacionales del mismo \u00f3rgano.<\/p>\n\n\n\n<p>Por otra parte, esta ma\u00f1ana trabajadores del \u00e1rea de limpia afiliados al Sindicato \u201c3 de Marzo\u201d, efectuaron una marcha y protesta en calles de la capital, para demandar herramientas de trabajo. <\/p>\n\n\n\n<p>Tras ser atendidos por el edil Mart\u00ednez Neri, levantaron la manifestaci\u00f3n, que incluy\u00f3 un bloqueo a la avenida Morelos, y se reincorporaron a sus actividades. <\/p>\n","protected":false},"excerpt":{"rendered":"<p>Raymundo Morales\/Zona Roja. Oaxaca de Ju\u00e1rez, Oax., a 2 de agosto de 2024.- Tras diversas&hellip;<\/p>\n","protected":false},"author":2,"featured_media":69639,"comment_status":"closed","ping_status":"open","sticky":false,"template":"","format":"standard","meta":{"_lmt_disableupdate":"","_lmt_disable":"","_jetpack_memberships_contains_paid_content":false,"footnotes":""},"categories":[109,46],"tags":[2418],"class_list":["post-70993","post","type-post","status-publish","format-standard","has-post-thumbnail","hentry","category-minuto-a-minuto","category-zona-blanca","tag-francisco-martinez-neri"],"jetpack_featured_media_url":"https:\/\/zonaroja.com.mx\/wp-content\/uploads\/2024\/06\/Francisco-Martinez-Neri-1.jpg","jetpack_sharing_enabled":true,"_links":{"self":[{"href":"https:\/\/zonaroja.com.mx\/index.php?rest_route=\/wp\/v2\/posts\/70993","targetHints":{"allow":["GET"]}}],"collection":[{"href":"https:\/\/zonaroja.com.mx\/index.php?rest_route=\/wp\/v2\/posts"}],"about":[{"href":"https:\/\/zonaroja.com.mx\/index.php?rest_route=\/wp\/v2\/types\/post"}],"author":[{"embeddable":true,"href":"https:\/\/zonaroja.com.mx\/index.php?rest_route=\/wp\/v2\/users\/2"}],"replies":[{"embeddable":true,"href":"https:\/\/zonaroja.com.mx\/index.php?rest_route=%2Fwp%2Fv2%2Fcomments&post=70993"}],"version-history":[{"count":3,"href":"https:\/\/zonaroja.com.mx\/index.php?rest_route=\/wp\/v2\/posts\/70993\/revisions"}],"predecessor-version":[{"id":70998,"href":"https:\/\/zonaroja.com.mx\/index.php?rest_route=\/wp\/v2\/posts\/70993\/revisions\/70998"}],"wp:featuredmedia":[{"embeddable":true,"href":"https:\/\/zonaroja.com.mx\/index.php?rest_route=\/wp\/v2\/media\/69639"}],"wp:attachment":[{"href":"https:\/\/zonaroja.com.mx\/index.php?rest_route=%2Fwp%2Fv2%2Fmedia&parent=70993"}],"wp:term":[{"taxonomy":"category","embeddable":true,"href":"https:\/\/zonaroja.com.mx\/index.php?rest_route=%2Fwp%2Fv2%2Fcategories&post=70993"},{"taxonomy":"post_tag","embeddable":true,"href":"https:\/\/zonaroja.com.mx\/index.php?rest_route=%2Fwp%2Fv2%2Ftags&post=70993"}],"curies":[{"name":"wp","href":"https:\/\/api.w.org\/{rel}","templated":true}]}}