{"id":70999,"date":"2024-08-02T17:44:42","date_gmt":"2024-08-02T23:44:42","guid":{"rendered":"https:\/\/zonaroja.com.mx\/?p=70999"},"modified":"2024-08-02T17:44:44","modified_gmt":"2024-08-02T23:44:44","slug":"designan-a-comisionado-de-la-policia-estatal-en-oaxaca","status":"publish","type":"post","link":"https:\/\/zonaroja.com.mx\/?p=70999","title":{"rendered":"Designan a Comisionado de la Polic\u00eda Estatal en Oaxaca"},"content":{"rendered":"\n<p>Redacci\u00f3n\/Zona Roja.<\/p>\n\n\n\n<p>Oaxaca de Ju\u00e1rez, Oax. 2 de agosto de 2024. El subinspector Pl\u00e1cido Jarqu\u00edn fue designado como Comisionado de la Polic\u00eda Estatal; as\u00ed lo dio a conocer la Secretar\u00eda de Seguridad y Protecci\u00f3n Ciudadana (SSPC) del Gobierno del Estado de Oaxaca.<\/p>\n\n\n\n<p>Con la encomienda de dar continuidad a los trabajos operativos en favor de la seguridad de las familias oaxaque\u00f1as, el Comisionado de la Polic\u00eda Estatal entr\u00f3 en funciones este 25 de julio, fecha en que rindi\u00f3 protesta.<\/p>\n\n\n\n<p>Este nombramiento obedece al reconocimiento de la trayectoria de Pl\u00e1cido Jarqu\u00edn, quien ha destacado por su desempe\u00f1o en la corporaci\u00f3n que ahora encabeza.<\/p>\n\n\n\n<p>La Polic\u00eda Estatal de la SSPC ratifica su compromiso con el ejercicio policial en estricto apego a las leyes y protocolos vigentes, garantizando as\u00ed el respeto pleno a los derechos humanos de todas y todos.<\/p>\n\n\n\n<p>(Comunicado)<\/p>\n","protected":false},"excerpt":{"rendered":"<p>Redacci\u00f3n\/Zona Roja. Oaxaca de Ju\u00e1rez, Oax. 2 de agosto de 2024. El subinspector Pl\u00e1cido Jarqu\u00edn&hellip;<\/p>\n","protected":false},"author":2,"featured_media":71001,"comment_status":"closed","ping_status":"open","sticky":false,"template":"","format":"standard","meta":{"_lmt_disableupdate":"","_lmt_disable":"","_jetpack_memberships_contains_paid_content":false,"footnotes":""},"categories":[109,46],"tags":[984],"class_list":["post-70999","post","type-post","status-publish","format-standard","has-post-thumbnail","hentry","category-minuto-a-minuto","category-zona-blanca","tag-policia-estatal-de-oaxaca"],"jetpack_featured_media_url":"https:\/\/zonaroja.com.mx\/wp-content\/uploads\/2024\/08\/Policia-Estatal-de-Oaxaca-1.jpg","jetpack_sharing_enabled":true,"_links":{"self":[{"href":"https:\/\/zonaroja.com.mx\/index.php?rest_route=\/wp\/v2\/posts\/70999","targetHints":{"allow":["GET"]}}],"collection":[{"href":"https:\/\/zonaroja.com.mx\/index.php?rest_route=\/wp\/v2\/posts"}],"about":[{"href":"https:\/\/zonaroja.com.mx\/index.php?rest_route=\/wp\/v2\/types\/post"}],"author":[{"embeddable":true,"href":"https:\/\/zonaroja.com.mx\/index.php?rest_route=\/wp\/v2\/users\/2"}],"replies":[{"embeddable":true,"href":"https:\/\/zonaroja.com.mx\/index.php?rest_route=%2Fwp%2Fv2%2Fcomments&post=70999"}],"version-history":[{"count":1,"href":"https:\/\/zonaroja.com.mx\/index.php?rest_route=\/wp\/v2\/posts\/70999\/revisions"}],"predecessor-version":[{"id":71002,"href":"https:\/\/zonaroja.com.mx\/index.php?rest_route=\/wp\/v2\/posts\/70999\/revisions\/71002"}],"wp:featuredmedia":[{"embeddable":true,"href":"https:\/\/zonaroja.com.mx\/index.php?rest_route=\/wp\/v2\/media\/71001"}],"wp:attachment":[{"href":"https:\/\/zonaroja.com.mx\/index.php?rest_route=%2Fwp%2Fv2%2Fmedia&parent=70999"}],"wp:term":[{"taxonomy":"category","embeddable":true,"href":"https:\/\/zonaroja.com.mx\/index.php?rest_route=%2Fwp%2Fv2%2Fcategories&post=70999"},{"taxonomy":"post_tag","embeddable":true,"href":"https:\/\/zonaroja.com.mx\/index.php?rest_route=%2Fwp%2Fv2%2Ftags&post=70999"}],"curies":[{"name":"wp","href":"https:\/\/api.w.org\/{rel}","templated":true}]}}