{"id":71009,"date":"2024-08-02T21:56:04","date_gmt":"2024-08-03T03:56:04","guid":{"rendered":"https:\/\/zonaroja.com.mx\/?p=71009"},"modified":"2024-08-02T21:56:06","modified_gmt":"2024-08-03T03:56:06","slug":"cierra-la-semana-en-oaxaca-con-al-menos-seis-bloqueos-y-protestas","status":"publish","type":"post","link":"https:\/\/zonaroja.com.mx\/?p=71009","title":{"rendered":"Cierra la semana en Oaxaca con al menos seis bloqueos y protestas"},"content":{"rendered":"\n<p>Raymundo Morales\/Zona Roja.<\/p>\n\n\n\n<p>Oaxaca de Ju\u00e1rez, Oax., a 2 de agosto de 2024.- Con al menos seis protestas y bloqueos de vialidades, principalmente en la capital, cerr\u00f3 la semana en Oaxaca.<\/p>\n\n\n\n<p>Esta noche, contin\u00faa cerrada la avenida Independencia, cruce con Macedonio Alcal\u00e1 de la ciudad de Oaxaca, por parte de un grupo de ind\u00edgenas triquis, encabezado por Sergia Zepeda.<\/p>\n\n\n\n<p>Poco despu\u00e9s del mediod\u00eda y por en\u00e9sima ocasi\u00f3n, los inconformes instalaron sus puestos de venta de ropa a un costado de la Catedral metropolitana; no obstante, arribaron inspectores y polic\u00edas municipales, que les arrebataron la mercanc\u00eda.<\/p>\n\n\n\n<p>Lo anterior gener\u00f3 un zafarrancho y las vendedoras informales retuvieron por unos minutos a una uniformada, tras lo cual cerraron la vialidad.<\/p>\n\n\n\n<p>Al mediod\u00eda, trabajadores del Hospital Civil \u201cDr. Aurelio Valdivieso\u201d bloquearon por una hora la calzada Porfirio D\u00edaz, inmediaciones de ese nosocomio ubicado en la capital, tras lo cual marcharon hacia las oficinas administrativas de los Servicios de Salud en la calle Violetas, colonia Reforma.<\/p>\n\n\n\n<p>Lo anterior para denunciar una serie de irregularidades en dicho hospital, como falta de equipos y de mantenimiento a diversas \u00e1reas, as\u00ed como problemas con el pago a empleados sindicalizados que decidieron ser transferidos al sistema IMSS Bienestar.<\/p>\n\n\n\n<p>Desde hace m\u00e1s de una semana hay inconformidad por parte de los afiliados a la Subsecci\u00f3n 07 del Sindicato Nacional de Trabajadores de Salud por la implementaci\u00f3n de ese esquema federal, al que han exigido adem\u00e1s la basificaci\u00f3n de trabajadores regularizados.<\/p>\n\n\n\n<p>Mientras tanto por la ma\u00f1ana, en el hospital \u201cPresidente Ju\u00e1rez\u201d del ISSSTE, un docente afiliado a la Secci\u00f3n 22 del SNTE, que se identific\u00f3 como Humberto Iriarte \u00c1lvarez, denunci\u00f3 una p\u00e9sima atenci\u00f3n a los afiliados y pidi\u00f3 la atenci\u00f3n de las autoridades federales y estatales.<\/p>\n\n\n\n<p>Y poco antes, un grupo de trabajadores del \u00e1rea de limpia del Sindicato \u201c3 de Marzo\u201d par\u00f3 actividades y march\u00f3 en calles del centro de la capital, para exigir herramientas de trabajo.<\/p>\n\n\n\n<p>En el palacio municipal una comisi\u00f3n fue atendida por el edil Francisco Mart\u00ednez Neri, mientras que el resto bloque\u00f3 por al menos tres horas la avenida Morelos, junto a la Plaza de la Danza; tras los acuerdos, levantaron su movilizaci\u00f3n.<\/p>\n\n\n\n<p>Por la tarde, un grupo de mototaxistas protest\u00f3 en una gasoliner\u00eda ubicada a un costado de la carretera Internacional Oaxaca-M\u00e9xico, jurisdicci\u00f3n de Santa Rosa Panzacola, para denunciar que el combustible que venden ha da\u00f1ado sus unidades de motor.<\/p>\n\n\n\n<p>En la regi\u00f3n del Istmo, un grupo de vecinos del barrio San Jacinto de Tehuantepec, cerr\u00f3 por unas horas la carretera Trans\u00edstmica, a la altura del llamado puente Pimentel, para exigir servicios b\u00e1sicos.<\/p>\n","protected":false},"excerpt":{"rendered":"<p>Raymundo Morales\/Zona Roja. Oaxaca de Ju\u00e1rez, Oax., a 2 de agosto de 2024.- Con al&hellip;<\/p>\n","protected":false},"author":2,"featured_media":71010,"comment_status":"closed","ping_status":"open","sticky":false,"template":"","format":"standard","meta":{"_lmt_disableupdate":"","_lmt_disable":"","_jetpack_memberships_contains_paid_content":false,"footnotes":""},"categories":[109,47],"tags":[2264],"class_list":["post-71009","post","type-post","status-publish","format-standard","has-post-thumbnail","hentry","category-minuto-a-minuto","category-zona-gris","tag-bloqueos-y-protestas-oaxaca"],"jetpack_featured_media_url":"https:\/\/zonaroja.com.mx\/wp-content\/uploads\/2024\/08\/Bloqueos-y-protestas-ciudad-de-Oaxaca.jpg","jetpack_sharing_enabled":true,"_links":{"self":[{"href":"https:\/\/zonaroja.com.mx\/index.php?rest_route=\/wp\/v2\/posts\/71009","targetHints":{"allow":["GET"]}}],"collection":[{"href":"https:\/\/zonaroja.com.mx\/index.php?rest_route=\/wp\/v2\/posts"}],"about":[{"href":"https:\/\/zonaroja.com.mx\/index.php?rest_route=\/wp\/v2\/types\/post"}],"author":[{"embeddable":true,"href":"https:\/\/zonaroja.com.mx\/index.php?rest_route=\/wp\/v2\/users\/2"}],"replies":[{"embeddable":true,"href":"https:\/\/zonaroja.com.mx\/index.php?rest_route=%2Fwp%2Fv2%2Fcomments&post=71009"}],"version-history":[{"count":1,"href":"https:\/\/zonaroja.com.mx\/index.php?rest_route=\/wp\/v2\/posts\/71009\/revisions"}],"predecessor-version":[{"id":71011,"href":"https:\/\/zonaroja.com.mx\/index.php?rest_route=\/wp\/v2\/posts\/71009\/revisions\/71011"}],"wp:featuredmedia":[{"embeddable":true,"href":"https:\/\/zonaroja.com.mx\/index.php?rest_route=\/wp\/v2\/media\/71010"}],"wp:attachment":[{"href":"https:\/\/zonaroja.com.mx\/index.php?rest_route=%2Fwp%2Fv2%2Fmedia&parent=71009"}],"wp:term":[{"taxonomy":"category","embeddable":true,"href":"https:\/\/zonaroja.com.mx\/index.php?rest_route=%2Fwp%2Fv2%2Fcategories&post=71009"},{"taxonomy":"post_tag","embeddable":true,"href":"https:\/\/zonaroja.com.mx\/index.php?rest_route=%2Fwp%2Fv2%2Ftags&post=71009"}],"curies":[{"name":"wp","href":"https:\/\/api.w.org\/{rel}","templated":true}]}}