{"id":71015,"date":"2024-08-03T08:52:00","date_gmt":"2024-08-03T14:52:00","guid":{"rendered":"https:\/\/zonaroja.com.mx\/?p=71015"},"modified":"2024-08-03T06:54:00","modified_gmt":"2024-08-03T12:54:00","slug":"asesinan-a-dos-individuos-en-la-costa-y-a-uno-en-la-mixteca","status":"publish","type":"post","link":"https:\/\/zonaroja.com.mx\/?p=71015","title":{"rendered":"Asesinan a dos individuos en la Costa y a uno en la Mixteca"},"content":{"rendered":"\n<p>Raymundo Morales\/Zona Roja.<\/p>\n\n\n\n<p>Oaxaca de Ju\u00e1rez, Oax., a 3 de agosto de 2024.- Dos personas fueron asesinadas a balazos este viernes en la regi\u00f3n de la Costa del estado.<\/p>\n\n\n\n<p>Un crimen se cometi\u00f3 en la comunidad de Collantes, agencia del municipio de Pinotepa Nacional, donde se registr\u00f3 un presunto enfrentamiento.<\/p>\n\n\n\n<p>El saldo fue de un joven muerto y varias personas m\u00e1s lesionadas, sin que haya registro de detenciones.<\/p>\n\n\n\n<p>Otro homicidio doloso ocurri\u00f3 en el interior de un taller de reparaci\u00f3n de motocicletas de la calle \u00c1lvaro Obreg\u00f3n, colonia Benito Ju\u00e1rez de Puerto Escondido, agencia del municipio de San Pedro Mixtepec.<\/p>\n\n\n\n<p>Sujetos armados arribaron al sitio y dispararon de manera directa en contra de quien fue identificado de manera preliminar como F\u00e9lix B. V., de 27 a\u00f1os de edad; los polic\u00edas municipales arribaron al sitio pero s\u00f3lo para resguardar la escena del crimen.<\/p>\n\n\n\n<p>Personal de la Vicefiscal\u00eda Regional de la Costa arrib\u00f3 a los respectivos lugares para iniciar las indagatorias respectivas.<\/p>\n\n\n\n<p>Mientras que en la comunidad de San Juan Cieneguilla, perteneciente al municipio mixteco de Silacayo\u00e1pam, fue un ultimado un hombre de la tercera edad.<\/p>\n\n\n\n<p>Presuntamente derivado de una disputa familiar, Severiano \u201cN\u201d dispar\u00f3 en contra de su padre Anastasio \u201cN\u201d, de 67 a\u00f1os de edad, quien perdi\u00f3 la vida al instante.<\/p>\n\n\n\n<p>En este caso los polic\u00edas municipales lograron detener al probable responsable y lo pusieron a disposici\u00f3n del Ministerio P\u00fablico de la Vicefiscal\u00eda Regional de la Mixteca.<\/p>\n","protected":false},"excerpt":{"rendered":"<p>Raymundo Morales\/Zona Roja. Oaxaca de Ju\u00e1rez, Oax., a 3 de agosto de 2024.- Dos personas&hellip;<\/p>\n","protected":false},"author":2,"featured_media":67753,"comment_status":"closed","ping_status":"open","sticky":false,"template":"","format":"standard","meta":{"_lmt_disableupdate":"","_lmt_disable":"","_jetpack_memberships_contains_paid_content":false,"footnotes":""},"categories":[109,51],"tags":[916,590],"class_list":["post-71015","post","type-post","status-publish","format-standard","has-post-thumbnail","hentry","category-minuto-a-minuto","category-zona-roja","tag-pinotepa-nacional","tag-puerto-escondido"],"jetpack_featured_media_url":"https:\/\/zonaroja.com.mx\/wp-content\/uploads\/2024\/04\/Escena-de-investigacion-crimen.jpg","jetpack_sharing_enabled":true,"_links":{"self":[{"href":"https:\/\/zonaroja.com.mx\/index.php?rest_route=\/wp\/v2\/posts\/71015","targetHints":{"allow":["GET"]}}],"collection":[{"href":"https:\/\/zonaroja.com.mx\/index.php?rest_route=\/wp\/v2\/posts"}],"about":[{"href":"https:\/\/zonaroja.com.mx\/index.php?rest_route=\/wp\/v2\/types\/post"}],"author":[{"embeddable":true,"href":"https:\/\/zonaroja.com.mx\/index.php?rest_route=\/wp\/v2\/users\/2"}],"replies":[{"embeddable":true,"href":"https:\/\/zonaroja.com.mx\/index.php?rest_route=%2Fwp%2Fv2%2Fcomments&post=71015"}],"version-history":[{"count":1,"href":"https:\/\/zonaroja.com.mx\/index.php?rest_route=\/wp\/v2\/posts\/71015\/revisions"}],"predecessor-version":[{"id":71016,"href":"https:\/\/zonaroja.com.mx\/index.php?rest_route=\/wp\/v2\/posts\/71015\/revisions\/71016"}],"wp:featuredmedia":[{"embeddable":true,"href":"https:\/\/zonaroja.com.mx\/index.php?rest_route=\/wp\/v2\/media\/67753"}],"wp:attachment":[{"href":"https:\/\/zonaroja.com.mx\/index.php?rest_route=%2Fwp%2Fv2%2Fmedia&parent=71015"}],"wp:term":[{"taxonomy":"category","embeddable":true,"href":"https:\/\/zonaroja.com.mx\/index.php?rest_route=%2Fwp%2Fv2%2Fcategories&post=71015"},{"taxonomy":"post_tag","embeddable":true,"href":"https:\/\/zonaroja.com.mx\/index.php?rest_route=%2Fwp%2Fv2%2Ftags&post=71015"}],"curies":[{"name":"wp","href":"https:\/\/api.w.org\/{rel}","templated":true}]}}