{"id":71017,"date":"2024-08-03T10:00:00","date_gmt":"2024-08-03T16:00:00","guid":{"rendered":"https:\/\/zonaroja.com.mx\/?p=71017"},"modified":"2024-08-03T07:04:27","modified_gmt":"2024-08-03T13:04:27","slug":"vinculan-a-proceso-a-presunto-violador-y-a-probable-narcomenudista","status":"publish","type":"post","link":"https:\/\/zonaroja.com.mx\/?p=71017","title":{"rendered":"Vinculan a proceso a presunto violador y a probable narcomenudista"},"content":{"rendered":"\n<p>Redacci\u00f3n\/Zona Roja.&nbsp;<\/p>\n\n\n\n<p>Oaxaca de Ju\u00e1rez, Oax., a 3 de agosto de 2024.- Como parte de la estrategia de combate a los delitos cometidos en contra de ni\u00f1as, ni\u00f1os, adolescentes y mujeres, la Fiscal\u00eda General del Estado de Oaxaca (FGEO) obtuvo auto de vinculaci\u00f3n a proceso y prisi\u00f3n preventiva en contra de J.R.R.A., imputado por el delito de Violaci\u00f3n Equiparada Agravada, cometido en perjuicio de una ni\u00f1a en la regi\u00f3n de la Mixteca.<\/p>\n\n\n\n<p>De acuerdo con el expediente penal del caso, la v\u00edctima (cuya identidad est\u00e1 reservada por ley) fue agredida de manera sexual en diferentes ocasiones, entre febrero de 2021 y octubre de 2023, es decir, desde que la v\u00edctima ten\u00eda nueve a\u00f1os de edad hasta que cumpli\u00f3 12.<\/p>\n\n\n\n<p>Los hechos ocurrieron en un domicilio ubicado en la calle Durango de la colonia Santa Rosa, primera secci\u00f3n del municipio de Huajuapan de Le\u00f3n.<\/p>\n\n\n\n<p>Una vez que la FGEO tom\u00f3 conocimiento del caso y tras obtener la denuncia formal,&nbsp;inici\u00f3 las investigaciones correspondientes a trav\u00e9s de la Vicefiscal\u00eda Regional de la Mixteca, las cuales permitieron obtener una orden de aprehensi\u00f3n contra el imputado para presentarlo ante la autoridad que lo requiri\u00f3.<\/p>\n\n\n\n<p>Gracias a los resultados del trabajo multidisciplinario que la FGEO aport\u00f3, el Juez tuvo los elementos jur\u00eddicos con los que logr\u00f3 vincular a proceso a J.R.R.A., imponiendo adem\u00e1s la medida cautelar de prisi\u00f3n preventiva justificada.<\/p>\n\n\n\n<p>PRESUNTO NARCOMENUDISTA<\/p>\n\n\n\n<p>En otro caso y como parte de las acciones de investigaci\u00f3n ministerial para combatir los delitos de alto impacto, la Fiscal\u00eda General obtuvo auto de vinculaci\u00f3n a proceso en contra de una persona del sexo masculino identificada como W.D.A., por el delito contra la Salud.<\/p>\n\n\n\n<p>De acuerdo con el expediente penal del caso, W.D.A. fue detenido en el barrio de Las Flores en el municipio de Santiago Pinotepa Nacional, en la regi\u00f3n de la Costa de Oaxaca, por elementos de la Polic\u00eda Municipal de la zona que realizaban recorridos de vigilancia y disuasi\u00f3n.<\/p>\n\n\n\n<p>Durante la detenci\u00f3n, al imputado que viajaba a bordo de una motocicleta, le fue asegurada droga conocida como cristal.<\/p>\n\n\n\n<p>Por estos hechos, el imputado W.D.A., fue trasladado ante las autoridades ministeriales adscritas a la Vicefiscal\u00eda Regional de la Costa, que tom\u00f3 conocimiento del caso e inici\u00f3 las indagatorias correspondientes.<\/p>\n\n\n\n<p>Una vez hecha la investigaci\u00f3n, la FGEO present\u00f3 los datos de pruebas al Juez que atiende la causa y al evaluarlos, la autoridad judicial dict\u00f3 vinculaci\u00f3n a proceso al imputado, por el delito contra la salud, imponiendo la medida cautelar de prisi\u00f3n preventiva justificada, adem\u00e1s de otorgar un mes para el cierre de la investigaci\u00f3n complementaria.<\/p>\n","protected":false},"excerpt":{"rendered":"<p>Redacci\u00f3n\/Zona Roja.&nbsp; Oaxaca de Ju\u00e1rez, Oax., a 3 de agosto de 2024.- Como parte de&hellip;<\/p>\n","protected":false},"author":2,"featured_media":71020,"comment_status":"closed","ping_status":"open","sticky":false,"template":"","format":"standard","meta":{"_lmt_disableupdate":"","_lmt_disable":"","_jetpack_memberships_contains_paid_content":false,"footnotes":""},"categories":[109,46],"tags":[494],"class_list":["post-71017","post","type-post","status-publish","format-standard","has-post-thumbnail","hentry","category-minuto-a-minuto","category-zona-blanca","tag-fiscalia-general-del-estado-de-oaxaca"],"jetpack_featured_media_url":"https:\/\/zonaroja.com.mx\/wp-content\/uploads\/2024\/08\/Detenido-2-aprehendido.jpeg","jetpack_sharing_enabled":true,"_links":{"self":[{"href":"https:\/\/zonaroja.com.mx\/index.php?rest_route=\/wp\/v2\/posts\/71017","targetHints":{"allow":["GET"]}}],"collection":[{"href":"https:\/\/zonaroja.com.mx\/index.php?rest_route=\/wp\/v2\/posts"}],"about":[{"href":"https:\/\/zonaroja.com.mx\/index.php?rest_route=\/wp\/v2\/types\/post"}],"author":[{"embeddable":true,"href":"https:\/\/zonaroja.com.mx\/index.php?rest_route=\/wp\/v2\/users\/2"}],"replies":[{"embeddable":true,"href":"https:\/\/zonaroja.com.mx\/index.php?rest_route=%2Fwp%2Fv2%2Fcomments&post=71017"}],"version-history":[{"count":1,"href":"https:\/\/zonaroja.com.mx\/index.php?rest_route=\/wp\/v2\/posts\/71017\/revisions"}],"predecessor-version":[{"id":71021,"href":"https:\/\/zonaroja.com.mx\/index.php?rest_route=\/wp\/v2\/posts\/71017\/revisions\/71021"}],"wp:featuredmedia":[{"embeddable":true,"href":"https:\/\/zonaroja.com.mx\/index.php?rest_route=\/wp\/v2\/media\/71020"}],"wp:attachment":[{"href":"https:\/\/zonaroja.com.mx\/index.php?rest_route=%2Fwp%2Fv2%2Fmedia&parent=71017"}],"wp:term":[{"taxonomy":"category","embeddable":true,"href":"https:\/\/zonaroja.com.mx\/index.php?rest_route=%2Fwp%2Fv2%2Fcategories&post=71017"},{"taxonomy":"post_tag","embeddable":true,"href":"https:\/\/zonaroja.com.mx\/index.php?rest_route=%2Fwp%2Fv2%2Ftags&post=71017"}],"curies":[{"name":"wp","href":"https:\/\/api.w.org\/{rel}","templated":true}]}}