{"id":71022,"date":"2024-08-03T07:31:35","date_gmt":"2024-08-03T13:31:35","guid":{"rendered":"https:\/\/zonaroja.com.mx\/?p=71022"},"modified":"2024-08-03T11:29:23","modified_gmt":"2024-08-03T17:29:23","slug":"llega-aparato-de-gobierno-a-lazaro-cardenas-san-miguel-el-grande","status":"publish","type":"post","link":"https:\/\/zonaroja.com.mx\/?p=71022","title":{"rendered":"Llega aparato de gobierno a L\u00e1zaro C\u00e1rdenas, San Miguel El Grande"},"content":{"rendered":"\n<p>Raymundo Morales\/Zona Roja.<\/p>\n\n\n\n<p>Oaxaca de Ju\u00e1rez, Oax., a 3 de agosto de 2024.- Luego de recientes hechos de violencia y protesta de la cineasta \u00c1ngeles Cruz, funcionarios del gobierno de Oaxaca y de la Fiscal\u00eda General del Estado arribaron ayer a L\u00e1zaro C\u00e1rdenas, localidad de San Miguel El Grande que ha acusado ataques por parte de Llano de Guadalupe, Heroica Ciudad de Tlaxiaco.<\/p>\n\n\n\n<p>El titular del Ejecutivo, Salom\u00f3n Jara Cruz, encabez\u00f3 la reuni\u00f3n del Grupo de Coordinaci\u00f3n para la Construcci\u00f3n de la Paz y Seguridad en Oaxaca, con la presencia de titulares de diversas dependencias en materia de seguridad y gobernabilidad.<\/p>\n\n\n\n<p>\u201cTrabajamos para consolidar el #NuevoPactoSocial en todo el territorio y garantizar entornos seguros para las familias oaxaque\u00f1as\u201d, dio a conocer el gobernador en sus redes sociales.<\/p>\n\n\n\n<p>En el encuentro estuvo presente tambi\u00e9n el fiscal General del Estado, Bernardo Rodr\u00edguez Alamilla, quien present\u00f3 un balance de las investigaciones del reciente incendio de viviendas L\u00e1zaro C\u00e1rdenas.<\/p>\n\n\n\n<p>Fue el primer Lunes del Cerro de la Guelaguetza pasada en que la actriz y cineasta \u00c1ngeles Cruz, originaria de San Miguel El Grande, protest\u00f3 de manera pac\u00edfica para exigir justicia sobre los ocho cr\u00edmenes registrados el a\u00f1o pasado y los recientes ataques.<\/p>\n\n\n\n<p>Tras ello, fue recibida junto con una representaci\u00f3n de San Miguel, primero por el secretario de Gobierno, Jes\u00fas Romero L\u00f3pez, y despu\u00e9s por el mandatario Salom\u00f3n Jara.<\/p>\n\n\n\n<p>Luego se implement\u00f3 un operativo en L\u00e1zaro C\u00e1rdenas, encabezado por la Fiscal\u00eda General del Estado y con la participaci\u00f3n de la Guardia Nacional y del Ej\u00e9rcito Mexicano.<\/p>\n\n\n\n<p>GIRA MIXTECA<\/p>\n\n\n\n<p>Tras la visita a San Miguel El Grande, el gobernador y parte de su gabinete acudi\u00f3 a otras localidades de la regi\u00f3n Mixteca.<\/p>\n\n\n\n<p>En Santa Mar\u00eda Tataltepec inici\u00f3 la rehabilitaci\u00f3n del camino de la ruta del Flechador del Sol, un proyecto que a cinco meses de haberse anunciado, ya ha iniciado con los primeros trabajos de rehabilitaci\u00f3n.<\/p>\n\n\n\n<p>Esta obra en la que se invertir\u00e1 25 millones de pesos, iniciar\u00e1 desde el paraje Boca del Perro, y beneficiar\u00e1 a los municipios de San Mart\u00edn Huamel\u00falpam, Santa Mar\u00eda del Rosario, Santa Cruz Tayata, Santa Catarina Tayata, San Juan Achiutla, San Miguel Achiutla, San Bartolom\u00e9 Yucua\u00f1e, Santa Mar\u00eda Tataltepec y San Juan Teita.<\/p>\n\n\n\n<p>Con una inversi\u00f3n de 6 millones 45 mil pesos, San Juan Teita contar\u00e1 con mejores condiciones de desarrollo, lo que permitir\u00e1 que escuelas tengan nuevo mobiliario, los caminos sean rehabilitados y los grupos prioritarios de la poblaci\u00f3n tengan una alimentaci\u00f3n saludable, dio a conocer en este municipio.<\/p>\n\n\n\n<p>Mientras que en San Crist\u00f3bal Amoltepec dijo que se trabajar\u00e1 para mejorar la vida de esta localidad de la regi\u00f3n Mixteca que ocupa el lugar 62 en pobreza a nivel estatal, con programas y acciones que forman parte de la estrategia Trabajo que Transforma tu Municipio.<\/p>\n","protected":false},"excerpt":{"rendered":"<p>Raymundo Morales\/Zona Roja. Oaxaca de Ju\u00e1rez, Oax., a 3 de agosto de 2024.- Luego de&hellip;<\/p>\n","protected":false},"author":2,"featured_media":71025,"comment_status":"closed","ping_status":"open","sticky":false,"template":"","format":"standard","meta":{"_lmt_disableupdate":"","_lmt_disable":"","_jetpack_memberships_contains_paid_content":false,"footnotes":""},"categories":[109,46],"tags":[939],"class_list":["post-71022","post","type-post","status-publish","format-standard","has-post-thumbnail","hentry","category-minuto-a-minuto","category-zona-blanca","tag-salomon-jara-cruz"],"jetpack_featured_media_url":"https:\/\/zonaroja.com.mx\/wp-content\/uploads\/2024\/08\/Salomon-Jara-Lazaro-Cardenas-San-Miguel-El-grande.jpeg","jetpack_sharing_enabled":true,"_links":{"self":[{"href":"https:\/\/zonaroja.com.mx\/index.php?rest_route=\/wp\/v2\/posts\/71022","targetHints":{"allow":["GET"]}}],"collection":[{"href":"https:\/\/zonaroja.com.mx\/index.php?rest_route=\/wp\/v2\/posts"}],"about":[{"href":"https:\/\/zonaroja.com.mx\/index.php?rest_route=\/wp\/v2\/types\/post"}],"author":[{"embeddable":true,"href":"https:\/\/zonaroja.com.mx\/index.php?rest_route=\/wp\/v2\/users\/2"}],"replies":[{"embeddable":true,"href":"https:\/\/zonaroja.com.mx\/index.php?rest_route=%2Fwp%2Fv2%2Fcomments&post=71022"}],"version-history":[{"count":2,"href":"https:\/\/zonaroja.com.mx\/index.php?rest_route=\/wp\/v2\/posts\/71022\/revisions"}],"predecessor-version":[{"id":71038,"href":"https:\/\/zonaroja.com.mx\/index.php?rest_route=\/wp\/v2\/posts\/71022\/revisions\/71038"}],"wp:featuredmedia":[{"embeddable":true,"href":"https:\/\/zonaroja.com.mx\/index.php?rest_route=\/wp\/v2\/media\/71025"}],"wp:attachment":[{"href":"https:\/\/zonaroja.com.mx\/index.php?rest_route=%2Fwp%2Fv2%2Fmedia&parent=71022"}],"wp:term":[{"taxonomy":"category","embeddable":true,"href":"https:\/\/zonaroja.com.mx\/index.php?rest_route=%2Fwp%2Fv2%2Fcategories&post=71022"},{"taxonomy":"post_tag","embeddable":true,"href":"https:\/\/zonaroja.com.mx\/index.php?rest_route=%2Fwp%2Fv2%2Ftags&post=71022"}],"curies":[{"name":"wp","href":"https:\/\/api.w.org\/{rel}","templated":true}]}}