{"id":71027,"date":"2024-08-03T10:31:00","date_gmt":"2024-08-03T16:31:00","guid":{"rendered":"https:\/\/zonaroja.com.mx\/?p=71027"},"modified":"2024-08-03T07:49:42","modified_gmt":"2024-08-03T13:49:42","slug":"inauguran-en-santa-lucia-del-camino-rehabilitacion-de-avenida","status":"publish","type":"post","link":"https:\/\/zonaroja.com.mx\/?p=71027","title":{"rendered":"Inauguran en Santa Luc\u00eda del Camino rehabilitaci\u00f3n de avenida"},"content":{"rendered":"\n<p>Raymundo Morales\/Zona Roja.<\/p>\n\n\n\n<p>Oaxaca de Ju\u00e1rez, Oax., a 3 de agosto de 2024.- Con una inversi\u00f3n superior a los 20 millones de pesos, autoridades de Santa Luc\u00eda del Camino y del gobierno de Oaxaca inauguraron la primera etapa de la pavimentaci\u00f3n con concreto hidr\u00e1ulico de la avenida L\u00e1zaro C\u00e1rdenas, conocida tambi\u00e9n como Camino Nacional.<\/p>\n\n\n\n<p>El acto fue presidido la tarde de este viernes por parte del presidente municipal Juan Carlos Garc\u00eda M\u00e1rquez, y el secretario de las Infraestructuras y Ordenamiento Territorial, Netzahualc\u00f3yotl Salvatierra, quien acudi\u00f3 con la representaci\u00f3n del gobernador Salom\u00f3n Jara Cruz.<\/p>\n\n\n\n<p>El tramo comprende desde la avenida 16 de Septiembre de la agencia de Santa Mar\u00eda Ixcotel hasta la calle de Sabinos, colonia del Bosque, y comprendi\u00f3 tambi\u00e9n diversas obras alternas, como la rehabilitaci\u00f3n del sistema de drenaje y de la red de agua potable.<\/p>\n\n\n\n<p>Adem\u00e1s, se privilegi\u00f3 la ecolog\u00eda en la zona, al plantar diversos \u00e1rboles sobre las banquetas y construir pozos de absorci\u00f3n para la captaci\u00f3n de agua de lluvia; adem\u00e1s, se instal\u00f3 luminaria con cableado subterr\u00e1neo, explic\u00f3 el edil, del Partido Morena.<\/p>\n\n\n\n<p>La obra \u201ces una petici\u00f3n que le hicimos al se\u00f1or gobernador (Salom\u00f3n Jara Cruz) y que antes incluso de ser candidato se lo solicitamos que en el momento que tuviera la posibilidad nos ayudara; cumpli\u00f3 su palabra, es un hombre de palabra y la est\u00e1 honrando; nosotros tambi\u00e9n estamos cumpliendo con el compromiso que hicimos con la gente\u201d, explic\u00f3.<\/p>\n\n\n\n<p>Por su parte, el secretario de las Infraestructuras destac\u00f3 el inter\u00e9s del presidente municipal y del Cabildo por mejorar las condiciones de vida de los habitantes de Santa Luc\u00eda del Camino.<\/p>\n\n\n\n<p>\u00abEsta calle que hoy se inaugura es un ejemplo de c\u00f3mo se debe trabajar coordinadamente con la participaci\u00f3n del gobierno federal, del gobierno del estado, del gobierno municipal, pero tambi\u00e9n los ciudadanos, que pueden hacer mucho por mejorar esta calle\u00bb, dijo.<\/p>\n\n\n\n<p>Felicit\u00f3 a la autoridad municipal por privilegiar primero la rehabilitaci\u00f3n de las tuber\u00edas de agua potable y drenaje sanitario y con ello se asegura que se tendr\u00e1 el servicio por muchos a\u00f1os m\u00e1s.<\/p>\n\n\n\n<figure class=\"wp-block-embed is-type-rich is-provider-twitter wp-block-embed-twitter\"><div class=\"wp-block-embed__wrapper\">\n<div class=\"twitter-tweet\"><blockquote class=\"twitter-tweet\" data-lang=\"es\"><p lang=\"es\" dir=\"ltr\">Esta tarde, del presidente municipal de Santa Luc\u00eda del Camino, <a href=\"https:\/\/twitter.com\/JC_GMarquez?ref_src=twsrc%5Etfw\">@JC_GMarquez<\/a>, junto con el secretario de las Infraestructuras, <a href=\"https:\/\/twitter.com\/netsalvatierra?ref_src=twsrc%5Etfw\">@netsalvatierra<\/a>, inauguraron la primera etapa de pavimentaci\u00f3n con concreto hidr\u00e1ulico de un tramo de la avenida L\u00e1zaro C\u00e1rdenas.<br><br>El edil reconoci\u00f3 y\u2026 <a href=\"https:\/\/t.co\/JDs0XTRehF\">pic.twitter.com\/JDs0XTRehF<\/a><\/p>&mdash; Zona Roja Oaxaca (@ZonaRoja_Oaxaca) <a href=\"https:\/\/twitter.com\/ZonaRoja_Oaxaca\/status\/1819535947467538844?ref_src=twsrc%5Etfw\">3 de agosto de 2024<\/a><\/blockquote><\/div>\n<\/div><\/figure>\n","protected":false},"excerpt":{"rendered":"<p>Raymundo Morales\/Zona Roja. Oaxaca de Ju\u00e1rez, Oax., a 3 de agosto de 2024.- Con una&hellip;<\/p>\n","protected":false},"author":2,"featured_media":71023,"comment_status":"closed","ping_status":"open","sticky":false,"template":"","format":"standard","meta":{"_lmt_disableupdate":"","_lmt_disable":"","_jetpack_memberships_contains_paid_content":false,"footnotes":""},"categories":[109,46],"tags":[337],"class_list":["post-71027","post","type-post","status-publish","format-standard","has-post-thumbnail","hentry","category-minuto-a-minuto","category-zona-blanca","tag-santa-lucia-del-camino"],"jetpack_featured_media_url":"https:\/\/zonaroja.com.mx\/wp-content\/uploads\/2024\/08\/Santa-Lucia-del-camino-inauguracion-camino-nacional.jpeg","jetpack_sharing_enabled":true,"_links":{"self":[{"href":"https:\/\/zonaroja.com.mx\/index.php?rest_route=\/wp\/v2\/posts\/71027","targetHints":{"allow":["GET"]}}],"collection":[{"href":"https:\/\/zonaroja.com.mx\/index.php?rest_route=\/wp\/v2\/posts"}],"about":[{"href":"https:\/\/zonaroja.com.mx\/index.php?rest_route=\/wp\/v2\/types\/post"}],"author":[{"embeddable":true,"href":"https:\/\/zonaroja.com.mx\/index.php?rest_route=\/wp\/v2\/users\/2"}],"replies":[{"embeddable":true,"href":"https:\/\/zonaroja.com.mx\/index.php?rest_route=%2Fwp%2Fv2%2Fcomments&post=71027"}],"version-history":[{"count":1,"href":"https:\/\/zonaroja.com.mx\/index.php?rest_route=\/wp\/v2\/posts\/71027\/revisions"}],"predecessor-version":[{"id":71028,"href":"https:\/\/zonaroja.com.mx\/index.php?rest_route=\/wp\/v2\/posts\/71027\/revisions\/71028"}],"wp:featuredmedia":[{"embeddable":true,"href":"https:\/\/zonaroja.com.mx\/index.php?rest_route=\/wp\/v2\/media\/71023"}],"wp:attachment":[{"href":"https:\/\/zonaroja.com.mx\/index.php?rest_route=%2Fwp%2Fv2%2Fmedia&parent=71027"}],"wp:term":[{"taxonomy":"category","embeddable":true,"href":"https:\/\/zonaroja.com.mx\/index.php?rest_route=%2Fwp%2Fv2%2Fcategories&post=71027"},{"taxonomy":"post_tag","embeddable":true,"href":"https:\/\/zonaroja.com.mx\/index.php?rest_route=%2Fwp%2Fv2%2Ftags&post=71027"}],"curies":[{"name":"wp","href":"https:\/\/api.w.org\/{rel}","templated":true}]}}