{"id":71029,"date":"2024-08-03T12:49:00","date_gmt":"2024-08-03T18:49:00","guid":{"rendered":"https:\/\/zonaroja.com.mx\/?p=71029"},"modified":"2024-08-03T07:51:54","modified_gmt":"2024-08-03T13:51:54","slug":"celebra-aniversario-orquesta-sinfonica-y-coro-de-la-central-de-abasto","status":"publish","type":"post","link":"https:\/\/zonaroja.com.mx\/?p=71029","title":{"rendered":"Celebra\u00a0aniversario Orquesta Sinf\u00f3nica y Coro de la Central de Abasto"},"content":{"rendered":"\n<p>Redacci\u00f3n\/Zona Roja.&nbsp;<\/p>\n\n\n\n<p>Oaxaca de Ju\u00e1rez, Oax., a&nbsp;3&nbsp;de&nbsp;agosto&nbsp;de 2024.- El presidente municipal de Oaxaca de Ju\u00e1rez, Francisco Mart\u00ednez Neri,&nbsp;atestigu\u00f3 el concierto realizado en el marco del segundo aniversario de la creaci\u00f3n de la Orquesta Sinf\u00f3nica y Coro de la Central de Abasto con Esperanza Azteca, una iniciativa de la&nbsp;presidenta honoraria del Sistema DIF Municipal, Bernarda Gonz\u00e1lez Rivas.&nbsp;<\/p>\n\n\n\n<p>\u201cProyectos de esta naturaleza tienen que continuar necesariamente en beneficio de la gente y que la sociedad civil tiene que impulsarlos para que puedan concretarse en acciones de beneficio,&nbsp;no solamente en lo art\u00edstico, sino en la creaci\u00f3n de ciudadan\u00eda\u201d, se\u00f1al\u00f3 Mart\u00ednez Neri ante familias que se dieron cita en la plaza \u201cLa Cruz de Piedra\u201d.&nbsp;<\/p>\n\n\n\n<p>Con la asistencia&nbsp;de padres&nbsp;y madres&nbsp;de familia que han procurado la m\u00fasica en sus hijos, el edil capitalino&nbsp;invit\u00f3&nbsp;a ni\u00f1as, ni\u00f1os y adolescentes a seguir realizando actividades que&nbsp;coadyuven en la&nbsp;construcci\u00f3n de ciudadanas y ciudadanos de bien&nbsp;para servir en sociedad.&nbsp;<\/p>\n\n\n\n<p>\u201cHacer arte, es una de las actividades m\u00e1s importantes que deben&nbsp;impulsar&nbsp;los tres \u00f3rdenes de gobierno en toda la&nbsp;naci\u00f3n y como administraci\u00f3n municipal, eso estamos haciendo con ustedes\u201d, concluy\u00f3 el primer concejal con la asistencia de Bel\u00e9n Nolasco&nbsp;Legaspi, directora&nbsp;general del DIF Municipal&nbsp;de Oaxaca de Ju\u00e1rez. &nbsp;<\/p>\n\n\n\n<p>Por su parte, la&nbsp;presidenta honoraria del Sistema DIF Municipal, Bernarda Gonz\u00e1lez Rivas, resalt\u00f3 que,&nbsp;con la conformaci\u00f3n de la orquesta y la realizaci\u00f3n de estas actividades culturales, se cumple con el&nbsp;objetivode integrar a m\u00e1s familias&nbsp;en&nbsp;entornos de sano desarrollo&nbsp;y&nbsp;de&nbsp;beneficio&nbsp;para&nbsp;las nuevas generaciones.&nbsp;<\/p>\n\n\n\n<p>\u201cEsta es una de las satisfacciones m\u00e1s grandes que me he llevado,&nbsp;este segundo aniversario de la orquesta result\u00f3 excelente;&nbsp;se les quiere mucho y con esto podemos decir que hemos cambiado rumbos de vida de nuevas y nuevos ciudadanos\u201d, subray\u00f3 Gonz\u00e1lez Rivas.&nbsp;<\/p>\n\n\n\n<p>Posterior al mensaje de bienvenida a cargo de la alumna, Eunice Ch\u00e1vez Velasco, la&nbsp;Orquesta Sinf\u00f3nica y Coro de la Central de Abasto con Esperanza Azteca,deleit\u00f3 a locales, nacionales y extranjeros con temas como:&nbsp;\u201cCarmina&nbsp;Burana\u201d de Carl Off,&nbsp;\u201cLa Bamba\u201d versi\u00f3n de Ritchie&nbsp;Valens, \u201cHuapango\u201d de Juan Pablo Moncayo, \u201cDios Nunca Muere\u201d de Macedonio Alcal\u00e1, entre otras.<\/p>\n\n\n\n<p>Al evento&nbsp;cultural&nbsp;asistieron funcionarios municipales y representantes vecinales de la zona&nbsp;de&nbsp;los Arquitos y Xochimilco&nbsp;y ciudadan\u00eda en general.<\/p>\n","protected":false},"excerpt":{"rendered":"<p>Redacci\u00f3n\/Zona Roja.&nbsp; Oaxaca de Ju\u00e1rez, Oax., a&nbsp;3&nbsp;de&nbsp;agosto&nbsp;de 2024.- El presidente municipal de Oaxaca de Ju\u00e1rez,&hellip;<\/p>\n","protected":false},"author":2,"featured_media":71024,"comment_status":"closed","ping_status":"open","sticky":false,"template":"","format":"standard","meta":{"_lmt_disableupdate":"","_lmt_disable":"","_jetpack_memberships_contains_paid_content":false,"footnotes":""},"categories":[109,46],"tags":[148],"class_list":["post-71029","post","type-post","status-publish","format-standard","has-post-thumbnail","hentry","category-minuto-a-minuto","category-zona-blanca","tag-oaxaca-de-juarez"],"jetpack_featured_media_url":"https:\/\/zonaroja.com.mx\/wp-content\/uploads\/2024\/08\/Orquesta-y-coro-central-de-abasto-ciudad-de-Oaxaca.jpeg","jetpack_sharing_enabled":true,"_links":{"self":[{"href":"https:\/\/zonaroja.com.mx\/index.php?rest_route=\/wp\/v2\/posts\/71029","targetHints":{"allow":["GET"]}}],"collection":[{"href":"https:\/\/zonaroja.com.mx\/index.php?rest_route=\/wp\/v2\/posts"}],"about":[{"href":"https:\/\/zonaroja.com.mx\/index.php?rest_route=\/wp\/v2\/types\/post"}],"author":[{"embeddable":true,"href":"https:\/\/zonaroja.com.mx\/index.php?rest_route=\/wp\/v2\/users\/2"}],"replies":[{"embeddable":true,"href":"https:\/\/zonaroja.com.mx\/index.php?rest_route=%2Fwp%2Fv2%2Fcomments&post=71029"}],"version-history":[{"count":1,"href":"https:\/\/zonaroja.com.mx\/index.php?rest_route=\/wp\/v2\/posts\/71029\/revisions"}],"predecessor-version":[{"id":71030,"href":"https:\/\/zonaroja.com.mx\/index.php?rest_route=\/wp\/v2\/posts\/71029\/revisions\/71030"}],"wp:featuredmedia":[{"embeddable":true,"href":"https:\/\/zonaroja.com.mx\/index.php?rest_route=\/wp\/v2\/media\/71024"}],"wp:attachment":[{"href":"https:\/\/zonaroja.com.mx\/index.php?rest_route=%2Fwp%2Fv2%2Fmedia&parent=71029"}],"wp:term":[{"taxonomy":"category","embeddable":true,"href":"https:\/\/zonaroja.com.mx\/index.php?rest_route=%2Fwp%2Fv2%2Fcategories&post=71029"},{"taxonomy":"post_tag","embeddable":true,"href":"https:\/\/zonaroja.com.mx\/index.php?rest_route=%2Fwp%2Fv2%2Ftags&post=71029"}],"curies":[{"name":"wp","href":"https:\/\/api.w.org\/{rel}","templated":true}]}}