{"id":71034,"date":"2024-08-03T13:57:00","date_gmt":"2024-08-03T19:57:00","guid":{"rendered":"https:\/\/zonaroja.com.mx\/?p=71034"},"modified":"2024-08-03T07:58:42","modified_gmt":"2024-08-03T13:58:42","slug":"la-guardia-nacional-entre-claroscuros-y-senalamientos","status":"publish","type":"post","link":"https:\/\/zonaroja.com.mx\/?p=71034","title":{"rendered":"La Guardia Nacional, entre claroscuros y se\u00f1alamientos"},"content":{"rendered":"\n<p>Redacci\u00f3n\/Zona Roja Cdmx.<\/p>\n\n\n\n<p>Ciudad de M\u00e9xico, a 3 de agosto de 2024.- A casi seis a\u00f1os de su creaci\u00f3n,&nbsp; la Guardia Nacional (GN) enfrenta varios claroscuros y se\u00f1alamientos de organizaciones civiles que reclaman falta de transparencia en los recursos asignados por el Gobierno federal y en las tareas que se le han encomendado.<\/p>\n\n\n\n<p>De acuerdo con el Quinto Informe del Observatorio de la Guardia Nacional y la Militarizaci\u00f3n en M\u00e9xico, elaborado por la organizaci\u00f3n civil Causa en Com\u00fan, los efectivos adscritos a esta corporaci\u00f3n de fuerza p\u00fablica, siguen con grandes pendientes en su actuar.<\/p>\n\n\n\n<p>Causa en Com\u00fan expuso que el fortalecimiento presupuestal que han tenido las Fuerzas Armadas ha tra\u00eddo como consecuencia colateral el debilitamiento de las polic\u00edas locales de las 32 entidades del pa\u00eds y la falta de transparencia en \u201cel uso de los recursos millonarios\u201d que han sido transferidos en estos a\u00f1os.<\/p>\n\n\n\n<p>La oeneg\u00e9 precis\u00f3 \u2014por medio de esta recopilaci\u00f3n de datos\u2014 que la GN ha tenido grandes \u00e1reas de oportunidad desde su creaci\u00f3n por decreto en 2019 como parte central de la estrategia de seguridad nacional de la administraci\u00f3n del presidente Andr\u00e9s Manuel L\u00f3pez Obrador. Pero se impuso la opacidad en su n\u00famero de integrantes y su quehacer.<\/p>\n\n\n\n<p>LA ESTRUCTURA<\/p>\n\n\n\n<p>De acuerdo con datos oficiales del Gobierno federal, en octubre de 2019, la corporaci\u00f3n contaba con una fuerza de 70 mil 920 elementos. Para 2024, seg\u00fan los informes de seguridad, registr\u00f3 un total de 132 mil 612 efectivos castrenses.<\/p>\n\n\n\n<p>El reporte refiere que no se encontr\u00f3 evidencia documental de elementos de la GN que fueran transferidos en estos a\u00f1os a la Secretar\u00eda de la Defensa Nacional (Sedena) y la Secretar\u00eda de Marina (Semar) y no obstante, el n\u00famero de integrantes present\u00f3 un crecimiento.<\/p>\n\n\n\n<p>\u201cEs evidente que los incrementos en el estado de fuerza corresponden, en su mayor\u00eda, a transferencias de elementos militares a la GN, quienes de cualquier manera mantienen sus plazas en la Sedena y la Semar. Dada la inconsistencia de la informaci\u00f3n y las variaciones incoherentes en el n\u00famero de elementos reportados, es imposible determinar con certeza el tama\u00f1o real de la GN\u201d, se expone en el informe.<\/p>\n\n\n\n<p>LAS TAREAS<\/p>\n\n\n\n<p>Esta administraci\u00f3n se ha caracterizado por el poder que han adquirido las Fuerzas Armadas en cuesti\u00f3n de presupuesto y tareas que no necesariamente tienen que ver con la labor que desempe\u00f1an hist\u00f3ricamente los militares y los efectivos castrenses.<\/p>\n\n\n\n<p>\u201cLas Fuerzas Armadas han asumido el control de instituciones,&nbsp;presupuestos y obras civiles en estos a\u00f1os. Por eso hay una especial preocupaci\u00f3n pues se ha identificado una parte de la c\u00fapula militar con un proyecto partidista, y su colusi\u00f3n en los ataques pol\u00edticos contra el Poder Judicial\u201d, critic\u00f3 Causa en Com\u00fan.<\/p>\n\n\n\n<p>Desde el Senado de la Rep\u00fablica, donde se present\u00f3 este informe, el senador Emilio \u00c1lvarez Icaza asegur\u00f3 que la militarizaci\u00f3n que vive el pa\u00eds debe revisarse de manera peri\u00f3dica y minuciosa para evitar abusos de las fuerzas castrenses.<\/p>\n\n\n\n<p>El legislador critic\u00f3 el poder que se ha conferido a los militares en esta administraci\u00f3n por orden de AMLO, pues se\u00f1al\u00f3 que incluso se le han otorgado tareas que nada tienen que ver con su actuar.<\/p>\n\n\n\n<p>\u201cMe parece que es una primera debilidad, como pa\u00eds, que no estemos encontrando las formas para dialogar, eventualmente, para uno de los temas que m\u00e1s nos duele como sociedad; es uno de los temas que m\u00e1s nos preocupa, y eso apunta a un desaf\u00edo para la pr\u00f3xima administraci\u00f3n\u201d, se\u00f1al\u00f3 \u00c1lvarez Icaza.<\/p>\n\n\n\n<p>Y es que Causa en Com\u00fan apunt\u00f3 que el fortalecimiento presupuestal que han tenido las Fuerzas Armadas ha tra\u00eddo como consecuencia colateral el debilitamiento de las polic\u00edas locales de las 32 entidades del pa\u00eds, adem\u00e1s de una falta de transparencia en el uso de recursos.<\/p>\n\n\n\n<p>Mientras tanto, Mar\u00eda Elena Morera, presidenta de Causa en Com\u00fan, revel\u00f3 que la GN, la Sedena y la Semar suman m\u00e1s de 4 mil denuncias en su contra por violaciones a los derechos humanos de 2019 a la fecha, adem\u00e1s de 16 recomendaciones por parte de la Comisi\u00f3n Nacional de los Derechos Humanos.<\/p>\n\n\n\n<p>(Informaci\u00f3n de \u201cReporte \u00cdndigo\u201d)<\/p>\n","protected":false},"excerpt":{"rendered":"<p>Redacci\u00f3n\/Zona Roja Cdmx. Ciudad de M\u00e9xico, a 3 de agosto de 2024.- A casi seis&hellip;<\/p>\n","protected":false},"author":2,"featured_media":69989,"comment_status":"closed","ping_status":"open","sticky":false,"template":"","format":"standard","meta":{"_lmt_disableupdate":"","_lmt_disable":"","_jetpack_memberships_contains_paid_content":false,"footnotes":""},"categories":[109,47],"tags":[278],"class_list":["post-71034","post","type-post","status-publish","format-standard","has-post-thumbnail","hentry","category-minuto-a-minuto","category-zona-gris","tag-guardia-nacional"],"jetpack_featured_media_url":"https:\/\/zonaroja.com.mx\/wp-content\/uploads\/2024\/07\/Guardia-Nacional.jpg","jetpack_sharing_enabled":true,"_links":{"self":[{"href":"https:\/\/zonaroja.com.mx\/index.php?rest_route=\/wp\/v2\/posts\/71034","targetHints":{"allow":["GET"]}}],"collection":[{"href":"https:\/\/zonaroja.com.mx\/index.php?rest_route=\/wp\/v2\/posts"}],"about":[{"href":"https:\/\/zonaroja.com.mx\/index.php?rest_route=\/wp\/v2\/types\/post"}],"author":[{"embeddable":true,"href":"https:\/\/zonaroja.com.mx\/index.php?rest_route=\/wp\/v2\/users\/2"}],"replies":[{"embeddable":true,"href":"https:\/\/zonaroja.com.mx\/index.php?rest_route=%2Fwp%2Fv2%2Fcomments&post=71034"}],"version-history":[{"count":1,"href":"https:\/\/zonaroja.com.mx\/index.php?rest_route=\/wp\/v2\/posts\/71034\/revisions"}],"predecessor-version":[{"id":71035,"href":"https:\/\/zonaroja.com.mx\/index.php?rest_route=\/wp\/v2\/posts\/71034\/revisions\/71035"}],"wp:featuredmedia":[{"embeddable":true,"href":"https:\/\/zonaroja.com.mx\/index.php?rest_route=\/wp\/v2\/media\/69989"}],"wp:attachment":[{"href":"https:\/\/zonaroja.com.mx\/index.php?rest_route=%2Fwp%2Fv2%2Fmedia&parent=71034"}],"wp:term":[{"taxonomy":"category","embeddable":true,"href":"https:\/\/zonaroja.com.mx\/index.php?rest_route=%2Fwp%2Fv2%2Fcategories&post=71034"},{"taxonomy":"post_tag","embeddable":true,"href":"https:\/\/zonaroja.com.mx\/index.php?rest_route=%2Fwp%2Fv2%2Ftags&post=71034"}],"curies":[{"name":"wp","href":"https:\/\/api.w.org\/{rel}","templated":true}]}}