{"id":71036,"date":"2024-08-03T12:59:00","date_gmt":"2024-08-03T18:59:00","guid":{"rendered":"https:\/\/zonaroja.com.mx\/?p=71036"},"modified":"2024-08-03T07:59:57","modified_gmt":"2024-08-03T13:59:57","slug":"opinion-reforma-al-poder-judicial-exigencia-de-justicia-para-el-pueblo-de-mexico","status":"publish","type":"post","link":"https:\/\/zonaroja.com.mx\/?p=71036","title":{"rendered":"Opini\u00f3n. Reforma al Poder Judicial: exigencia de justicia para el pueblo de M\u00e9xico"},"content":{"rendered":"\n<p>Luisa Cort\u00e9s Garc\u00eda*<\/p>\n\n\n\n<p>Con la llegada de la Cuarta Transformaci\u00f3n en 2018, la realidad empez\u00f3 a salir a la luz: los conflictos de inter\u00e9s de las clases econ\u00f3micamente poderosas, la manipulaci\u00f3n de los emporios de comunicaci\u00f3n que desinformaban a la poblaci\u00f3n, los nexos de pol\u00edticos de primer nivel con el crimen organizado y otras tantas injusticias que laceraron a nuestro pa\u00eds por d\u00e9cadas. Tambi\u00e9n ha quedado al descubierto un Poder Judicial corrupto, que derrocha recursos p\u00fablicos en salarios y prestaciones escandalosamente altos, y que con total impunidad han dejado libres a verdaderos lastres de la sociedad.<\/p>\n\n\n\n<p>Ese Poder Judicial que liber\u00f3 al asesino de la hija de Maricela Escobedo, o que declar\u00f3 inocente al transfeminicida de Paola Buenrostro, y ni hablar de los miles de casos en los que la justicia pareciera estar del lado de los que m\u00e1s recursos econ\u00f3micos tienen y niega la justicia a los m\u00e1s pobres, a quienes, por el contrario, les imputan delitos y les imponen penas excesivas.<\/p>\n\n\n\n<p>Este Poder Judicial que tiene una deuda con aquellas mujeres cuyos feminicidas siguen libres, con los pueblos y comunidades ind\u00edgenas a quienes empresarios rapases roban sus recursos naturales de una forma descarada y deliberada, o con las ni\u00f1as y ni\u00f1os que son v\u00edctimas de delitos sexuales y a cuyos agresores los jueces dejan libres por errores en el proceso o falta de pruebas. Yo me pregunto: \u00bfno es prueba suficiente de la necesidad de la reforma judicial el dolor de un pueblo que clama justicia?&nbsp;<\/p>\n\n\n\n<p>La realidad democr\u00e1tica que vivimos abre una posibilidad de reestructuraci\u00f3n del propio Estado, primero con Andr\u00e9s Manuel L\u00f3pez Obrador y hoy con la elecci\u00f3n de la primera mujer en llegar a la presidencia de la Rep\u00fablica, la Dra. Claudia Sheinbaum, por lo que la reforma del Poder Judicial se har\u00e1 con miras a fortalecer esta instituci\u00f3n para que realmente sea garante de justicia para el pueblo de M\u00e9xico. Esta reestructuraci\u00f3n debe empezar por la forma de elecci\u00f3n de quienes conforman este poder, que sea el pueblo quien elija a ministros, jueces y magistrados, as\u00ed efectivamente tendremos un equilibrio de poderes verdaderamente emanados del pueblo.<\/p>\n\n\n\n<p>Como parte de este amplio proceso democratizador que vivimos, el pasado 27 de junio dieron inicio los Di\u00e1logos Nacionales sobre la Reforma Constitucional en materia de Poder Judicial, un ejercicio sin precedentes que busca la participaci\u00f3n de todos los actores involucrados, incluyendo acad\u00e9micos, legisladores, ministras, ministros, magistrados y jueces.<\/p>\n\n\n\n<p>Este servir\u00e1 de base para la aprobaci\u00f3n de la iniciativa con proyecto de decreto que envi\u00f3 al H. Congreso de la Uni\u00f3n nuestro actual Presidente en materia de reformas al Poder Judicial, el cual es un reclamo de una sociedad que fue callada, invisibilizada y lacerada por los gobiernos neoliberales que antecedieron esta Cuarta Transformaci\u00f3n.<\/p>\n\n\n\n<p>Finalmente, la responsabilidad operativa para lograr esta reforma recaer\u00e1 en la pr\u00f3xima legislatura del H. Congreso de la Uni\u00f3n y ser\u00e1n sus integrantes quienes deber\u00e1n establecer mecanismos para que quienes sean electos por voto popular cuenten con las herramientas y conocimientos jur\u00eddicos necesarios para su desempe\u00f1o y, a su vez, se revalorice la formaci\u00f3n acad\u00e9mica, la experiencia jurisprudencial y la sensibilidad ante la realidad social; s\u00f3lo as\u00ed se podr\u00e1 tener un sistema de justicia legitimado por el pueblo y con eficacia en sus actuaciones.<\/p>\n\n\n\n<p>No olvidemos que el cambio hist\u00f3rico que estamos logrando no ha sido f\u00e1cil, el M\u00e9xico que hoy tenemos es resultado de la lucha de millones de voces que fueron acalladas por el viejo r\u00e9gimen autoritario. Jam\u00e1s olvidemos la deuda hist\u00f3rica con nuestras hermanas y hermanos que lucharon contra un sistema de injusticia que arruin\u00f3 vidas y priv\u00f3 libertades. Hoy es tiempo de M\u00e9xico, es tiempo de las mujeres y es tiempo de consolidar el segundo piso de esta Cuarta Transformaci\u00f3n.<\/p>\n\n\n\n<p>Como senadora electa por Oaxaca, uno de los estados con mayor diversidad cultural por la extendida presencia de nuestros pueblos originarios, que han anhelado justicia durante siglos, quiero alzar la voz desde mi pr\u00f3xima trinchera en el Senado, refrendando mi compromiso con su historia y sus luchas.&nbsp;<\/p>\n\n\n\n<p>\u00a1Por el bien de M\u00e9xico, primero los pobres! \u00a1Con el pueblo todo, sin el pueblo nada!<\/p>\n\n\n\n<p>(Publicada en \u201cEl Heraldo de M\u00e9xico\u201d)<\/p>\n","protected":false},"excerpt":{"rendered":"<p>Luisa Cort\u00e9s Garc\u00eda* Con la llegada de la Cuarta Transformaci\u00f3n en 2018, la realidad empez\u00f3&hellip;<\/p>\n","protected":false},"author":2,"featured_media":70935,"comment_status":"closed","ping_status":"open","sticky":false,"template":"","format":"standard","meta":{"_lmt_disableupdate":"","_lmt_disable":"","_jetpack_memberships_contains_paid_content":false,"footnotes":""},"categories":[456,109],"tags":[3827],"class_list":["post-71036","post","type-post","status-publish","format-standard","has-post-thumbnail","hentry","category-columna","category-minuto-a-minuto","tag-luisa-cortes-garcia"],"jetpack_featured_media_url":"https:\/\/zonaroja.com.mx\/wp-content\/uploads\/2024\/08\/Luisa-Cortes-Heraldo.jpg","jetpack_sharing_enabled":true,"_links":{"self":[{"href":"https:\/\/zonaroja.com.mx\/index.php?rest_route=\/wp\/v2\/posts\/71036","targetHints":{"allow":["GET"]}}],"collection":[{"href":"https:\/\/zonaroja.com.mx\/index.php?rest_route=\/wp\/v2\/posts"}],"about":[{"href":"https:\/\/zonaroja.com.mx\/index.php?rest_route=\/wp\/v2\/types\/post"}],"author":[{"embeddable":true,"href":"https:\/\/zonaroja.com.mx\/index.php?rest_route=\/wp\/v2\/users\/2"}],"replies":[{"embeddable":true,"href":"https:\/\/zonaroja.com.mx\/index.php?rest_route=%2Fwp%2Fv2%2Fcomments&post=71036"}],"version-history":[{"count":1,"href":"https:\/\/zonaroja.com.mx\/index.php?rest_route=\/wp\/v2\/posts\/71036\/revisions"}],"predecessor-version":[{"id":71037,"href":"https:\/\/zonaroja.com.mx\/index.php?rest_route=\/wp\/v2\/posts\/71036\/revisions\/71037"}],"wp:featuredmedia":[{"embeddable":true,"href":"https:\/\/zonaroja.com.mx\/index.php?rest_route=\/wp\/v2\/media\/70935"}],"wp:attachment":[{"href":"https:\/\/zonaroja.com.mx\/index.php?rest_route=%2Fwp%2Fv2%2Fmedia&parent=71036"}],"wp:term":[{"taxonomy":"category","embeddable":true,"href":"https:\/\/zonaroja.com.mx\/index.php?rest_route=%2Fwp%2Fv2%2Fcategories&post=71036"},{"taxonomy":"post_tag","embeddable":true,"href":"https:\/\/zonaroja.com.mx\/index.php?rest_route=%2Fwp%2Fv2%2Ftags&post=71036"}],"curies":[{"name":"wp","href":"https:\/\/api.w.org\/{rel}","templated":true}]}}