{"id":71039,"date":"2024-08-03T15:10:02","date_gmt":"2024-08-03T21:10:02","guid":{"rendered":"https:\/\/zonaroja.com.mx\/?p=71039"},"modified":"2024-08-03T15:18:21","modified_gmt":"2024-08-03T21:18:21","slug":"detiene-fiscalia-a-presunto-asesino-de-rapero-de-juchitan-oaxaca","status":"publish","type":"post","link":"https:\/\/zonaroja.com.mx\/?p=71039","title":{"rendered":"Detiene Fiscal\u00eda a presunto asesino de rapero de Juchit\u00e1n, Oaxaca"},"content":{"rendered":"\n<p>Raymundo Morales\/Zona Roja.<\/p>\n\n\n\n<p>Oaxaca de Ju\u00e1rez, Oax., a 3 de agosto de 2024.- El presunto asesino del rapero \u201cRosty Bazendu\u201d de Juchit\u00e1n de Zaragoza, fue detenido este s\u00e1bado por elementos de la Agencia Estatal de Investigaciones de la Fiscal\u00eda General del Estado de Oaxaca.<\/p>\n\n\n\n<p>Se trata de Rub\u00e9n M. S., conocido como el \u201cComandante Cromo\u201d, quien fue aprehendido en calles de esa ciudad de la regi\u00f3n del Istmo de Tehuantepec.<\/p>\n\n\n\n<p>Presuntamente es tambi\u00e9n el principal generador de violencia en esa zona istme\u00f1a, y la Fiscal\u00eda lo indaga por otros cr\u00edmenes de alto impacto, as\u00ed como delitos como extorsi\u00f3n, secuestro y tr\u00e1fico de indocumentados.<\/p>\n\n\n\n<p>Debido a su alta peligrosidad, de acuerdo con los primeros informes, fue trasladado bajo un fuerte dispositivo de seguridad hacia la ciudad de Oaxaca, donde ser\u00e1 puesto a disposici\u00f3n de un juez.<\/p>\n\n\n\n<p>Fue el pasado martes en que asesinaron a balazos al rapero conocido como \u201cRosty Bazendu\u201d, a quien torturaron, maniataron, lo acribillaron y adem\u00e1s le colocaron un presunto narcomensaje; la v\u00edctima se desempe\u00f1aba tambi\u00e9n como mototaxista.<\/p>\n\n\n\n<p>Presuntamente no pod\u00eda ser aprehendido porque contaba con protecci\u00f3n de la polic\u00eda municipal de Juchit\u00e1n, as\u00ed como del municipio de Salina Cruz.<\/p>\n","protected":false},"excerpt":{"rendered":"<p>Raymundo Morales\/Zona Roja. Oaxaca de Ju\u00e1rez, Oax., a 3 de agosto de 2024.- El presunto&hellip;<\/p>\n","protected":false},"author":2,"featured_media":71042,"comment_status":"closed","ping_status":"open","sticky":false,"template":"","format":"standard","meta":{"_lmt_disableupdate":"","_lmt_disable":"","_jetpack_memberships_contains_paid_content":false,"footnotes":""},"categories":[109,46],"tags":[494],"class_list":["post-71039","post","type-post","status-publish","format-standard","has-post-thumbnail","hentry","category-minuto-a-minuto","category-zona-blanca","tag-fiscalia-general-del-estado-de-oaxaca"],"jetpack_featured_media_url":"https:\/\/zonaroja.com.mx\/wp-content\/uploads\/2024\/08\/Detenido-Fiscalia-caso-rapero-Juchitan.jpg","jetpack_sharing_enabled":true,"_links":{"self":[{"href":"https:\/\/zonaroja.com.mx\/index.php?rest_route=\/wp\/v2\/posts\/71039","targetHints":{"allow":["GET"]}}],"collection":[{"href":"https:\/\/zonaroja.com.mx\/index.php?rest_route=\/wp\/v2\/posts"}],"about":[{"href":"https:\/\/zonaroja.com.mx\/index.php?rest_route=\/wp\/v2\/types\/post"}],"author":[{"embeddable":true,"href":"https:\/\/zonaroja.com.mx\/index.php?rest_route=\/wp\/v2\/users\/2"}],"replies":[{"embeddable":true,"href":"https:\/\/zonaroja.com.mx\/index.php?rest_route=%2Fwp%2Fv2%2Fcomments&post=71039"}],"version-history":[{"count":1,"href":"https:\/\/zonaroja.com.mx\/index.php?rest_route=\/wp\/v2\/posts\/71039\/revisions"}],"predecessor-version":[{"id":71041,"href":"https:\/\/zonaroja.com.mx\/index.php?rest_route=\/wp\/v2\/posts\/71039\/revisions\/71041"}],"wp:featuredmedia":[{"embeddable":true,"href":"https:\/\/zonaroja.com.mx\/index.php?rest_route=\/wp\/v2\/media\/71042"}],"wp:attachment":[{"href":"https:\/\/zonaroja.com.mx\/index.php?rest_route=%2Fwp%2Fv2%2Fmedia&parent=71039"}],"wp:term":[{"taxonomy":"category","embeddable":true,"href":"https:\/\/zonaroja.com.mx\/index.php?rest_route=%2Fwp%2Fv2%2Fcategories&post=71039"},{"taxonomy":"post_tag","embeddable":true,"href":"https:\/\/zonaroja.com.mx\/index.php?rest_route=%2Fwp%2Fv2%2Ftags&post=71039"}],"curies":[{"name":"wp","href":"https:\/\/api.w.org\/{rel}","templated":true}]}}