{"id":71043,"date":"2024-08-03T21:43:58","date_gmt":"2024-08-04T03:43:58","guid":{"rendered":"https:\/\/zonaroja.com.mx\/?p=71043"},"modified":"2024-08-03T21:44:00","modified_gmt":"2024-08-04T03:44:00","slug":"asesinan-a-dos-personas-en-el-istmo-una-en-la-costa-y-dos-en-la-mazateca","status":"publish","type":"post","link":"https:\/\/zonaroja.com.mx\/?p=71043","title":{"rendered":"Asesinan a dos personas en el Istmo; una en la Costa y dos en la mazateca"},"content":{"rendered":"\n<p>Raymundo Morales\/Zona Roja.<\/p>\n\n\n\n<p>Oaxaca de Ju\u00e1rez, Oax., a 3 de agosto de 2024.- Una persona asesinada por disparos de bala, envuelta en una lona y con huellas de tortura fue hallada la ma\u00f1ana de este s\u00e1bado en los l\u00edmites de Juchit\u00e1n de Zaragoza con el municipio de El Espinal.<\/p>\n\n\n\n<p>La v\u00edctima no ha sido identificada hasta el momento y se desconoce qui\u00e9n o qui\u00e9nes lo habr\u00edan ultimado y tirado en un camino local; personal de la Vicefiscal\u00eda Regional del Istmo inici\u00f3 la carpeta de investigaci\u00f3n respectiva.<\/p>\n\n\n\n<p>En otro hecho en la zona istme\u00f1a, un individuo fue asesinado en el municipio de Santo Domingo Tehuantepec.<\/p>\n\n\n\n<p>El crimen ocurri\u00f3 en el barrio Santa Mar\u00eda y pese a la luz del d\u00eda, los polic\u00edas municipales no dieron con \u00e9l o los responsables del asesinato perpetrado a balazos.<\/p>\n\n\n\n<p>Por otra parte, la madrugada de hoy, otra persona fue asesinada a balazos en el municipio de Santiago Pinotepa Nacional.<\/p>\n\n\n\n<p>Fue en el acceso principal al fraccionamiento San Isidro donde fue localizado el cuerpo de un hombre a\u00fan no identificado; unas horas antes otro individuo fue ultimado a balazos.<\/p>\n\n\n\n<p>Mientras que este d\u00eda se confirm\u00f3 el asesinato de dos personas en la localidad Cerro Central Aguacatitla, del municipio de Mazatl\u00e1n Villa de Flores.<\/p>\n\n\n\n<p>Las v\u00edctimas presentaban huellas de impactos de bala y fueron identificados como Abel C. R., de 50 a\u00f1os de edad, y Te\u00f3dulo S. C., de unos 40 a\u00f1os de edad, quienes fueron atacados en un campo de cultivo.<\/p>\n","protected":false},"excerpt":{"rendered":"<p>Raymundo Morales\/Zona Roja. Oaxaca de Ju\u00e1rez, Oax., a 3 de agosto de 2024.- Una persona&hellip;<\/p>\n","protected":false},"author":2,"featured_media":71044,"comment_status":"closed","ping_status":"open","sticky":false,"template":"","format":"standard","meta":{"_lmt_disableupdate":"","_lmt_disable":"","_jetpack_memberships_contains_paid_content":false,"footnotes":""},"categories":[109,51],"tags":[533,123],"class_list":["post-71043","post","type-post","status-publish","format-standard","has-post-thumbnail","hentry","category-minuto-a-minuto","category-zona-roja","tag-asesinado-en-tehuantepec","tag-juchitan-de-zaragoza"],"jetpack_featured_media_url":"https:\/\/zonaroja.com.mx\/wp-content\/uploads\/2024\/08\/Asesinado-en-Juchitan.jpeg","jetpack_sharing_enabled":true,"_links":{"self":[{"href":"https:\/\/zonaroja.com.mx\/index.php?rest_route=\/wp\/v2\/posts\/71043","targetHints":{"allow":["GET"]}}],"collection":[{"href":"https:\/\/zonaroja.com.mx\/index.php?rest_route=\/wp\/v2\/posts"}],"about":[{"href":"https:\/\/zonaroja.com.mx\/index.php?rest_route=\/wp\/v2\/types\/post"}],"author":[{"embeddable":true,"href":"https:\/\/zonaroja.com.mx\/index.php?rest_route=\/wp\/v2\/users\/2"}],"replies":[{"embeddable":true,"href":"https:\/\/zonaroja.com.mx\/index.php?rest_route=%2Fwp%2Fv2%2Fcomments&post=71043"}],"version-history":[{"count":1,"href":"https:\/\/zonaroja.com.mx\/index.php?rest_route=\/wp\/v2\/posts\/71043\/revisions"}],"predecessor-version":[{"id":71045,"href":"https:\/\/zonaroja.com.mx\/index.php?rest_route=\/wp\/v2\/posts\/71043\/revisions\/71045"}],"wp:featuredmedia":[{"embeddable":true,"href":"https:\/\/zonaroja.com.mx\/index.php?rest_route=\/wp\/v2\/media\/71044"}],"wp:attachment":[{"href":"https:\/\/zonaroja.com.mx\/index.php?rest_route=%2Fwp%2Fv2%2Fmedia&parent=71043"}],"wp:term":[{"taxonomy":"category","embeddable":true,"href":"https:\/\/zonaroja.com.mx\/index.php?rest_route=%2Fwp%2Fv2%2Fcategories&post=71043"},{"taxonomy":"post_tag","embeddable":true,"href":"https:\/\/zonaroja.com.mx\/index.php?rest_route=%2Fwp%2Fv2%2Ftags&post=71043"}],"curies":[{"name":"wp","href":"https:\/\/api.w.org\/{rel}","templated":true}]}}