{"id":71046,"date":"2024-08-04T07:33:00","date_gmt":"2024-08-04T13:33:00","guid":{"rendered":"https:\/\/zonaroja.com.mx\/?p=71046"},"modified":"2024-08-04T06:35:09","modified_gmt":"2024-08-04T12:35:09","slug":"avion-con-capos-no-salio-de-sonora-sino-de-culiacan-sinaloa","status":"publish","type":"post","link":"https:\/\/zonaroja.com.mx\/?p=71046","title":{"rendered":"Avi\u00f3n con capos no sali\u00f3 de Sonora, sino de Culiac\u00e1n, Sinaloa"},"content":{"rendered":"\n<p>Redacci\u00f3n\/Zona Roja Cdmx.<\/p>\n\n\n\n<p>Ciudad de M\u00e9xico, a 4 de agosto de 2024.- Seg\u00fan el Bur\u00f3 Federal de Investigaciones (FBI, por sus siglas en ingl\u00e9s), la aeronave Beechcraft King Air, que traslad\u00f3 a Estados Unidos al capo sinaloense Ismael \u201cEl Mayo\u201d Zambada, as\u00ed como a Joaqu\u00edn Guzm\u00e1n L\u00f3pez, \u201cEl G\u00fcero Moreno\u201d, no despeg\u00f3 del Aeropuerto Internacional \u201cGeneral Ignacio Pesqueira Garc\u00eda\u201d, en Hermosillo, Sonora, sino que lo hizo desde Culiac\u00e1n, en Sinaloa y aterriz\u00f3 en el Aeropuerto Do\u00f1a Ana, en Nuevo M\u00e9xico.<\/p>\n\n\n\n<p>As\u00ed lo revel\u00f3 este s\u00e1bado la periodista Peniley Ram\u00edrez en su columna de opini\u00f3n \u2018Linotipia\u2019, titulada \u2018El avi\u00f3n real\u2019 y publicada en el diario \u201cReforma\u201d, basada en una fuente \u201cconfidencial\u201d.<\/p>\n\n\n\n<p>\u201cMenos de 15 minutos despu\u00e9s de despegar, Guzm\u00e1n se comunic\u00f3 con su contacto en Estados Unidos. Le dijo que iba en camino al aeropuerto Do\u00f1a Ana en Nuevo M\u00e9xico y que llevaba a \u2018El Mayo\u2019 con \u00e9l. El hijo del \u2018Chapo\u2019 pag\u00f3 por los gastos del vuelo en el avi\u00f3n Beechcraft King Air, \u2018propiedad de Guzm\u00e1n\u2019, incluido el piloto\u201d, indic\u00f3 la reportera.<\/p>\n\n\n\n<p>\u201cCuando la aeronave cruz\u00f3 el espacio a\u00e9reo de EU, de acuerdo con una fuente confidencial, las autoridades estadounidenses ya sab\u00edan que se trataba de Guzm\u00e1n, no de un intruso o un terrorista\u201d, asever\u00f3 la periodista de investigaci\u00f3n.<\/p>\n\n\n\n<p>\u201cEn Sinaloa, oficialmente, las autoridades mexicanas no han hallado registro del vuelo, ni siquiera del avi\u00f3n. Lo m\u00e1s cercano que he podido rastrear, gracias a pilotos que trabajan en la zona, es que unos d\u00edas antes un avi\u00f3n del mismo modelo y pintado igual aterriz\u00f3 en la pista El Zorrillo, cerca del municipio de Guadalupe y Calvo, en Chihuahua\u201d, agreg\u00f3 Ram\u00edrez.<\/p>\n\n\n\n<p>\u201cConozco esa pista porque he aterrizado all\u00ed en alguno de mis viajes de investigaci\u00f3n. Es una pista bajo control de la [Secretar\u00eda de la Defensa Nacional] Sedena, como se ve en los logotipos del video que obtuve del aterrizaje de unos d\u00edas antes\u201d, insisti\u00f3 la periodista.<\/p>\n\n\n\n<p>PISTA DE SEDENA<\/p>\n\n\n\n<p>\u201cEsa pista es una entrada a\u00e9rea importante que conecta vuelos legales entre algunos sitios de Chihuahua y Sinaloa con las zonas m\u00e1s intrincadas del Tri\u00e1ngulo Dorado. Muchas personas que evitan horas de carreteras peligrosas e intrincadas llegan a El Zorrillo v\u00eda a\u00e9rea. En mi reporter\u00eda, tambi\u00e9n all\u00ed encontr\u00e9 que a veces aterrizan o despegan vuelos ilegales, de los que no hay registro, o aviones sin documentos, con matr\u00edculas tapadas o cambiadas\u201d, abund\u00f3 la reportera.<\/p>\n\n\n\n<p>\u201cEs dif\u00edcil saber si el mismo avi\u00f3n que estaba en El Zorrillo unos d\u00edas antes es el que llev\u00f3 a Guzm\u00e1n y \u2018El Mayo\u2019 de Sinaloa a Nuevo M\u00e9xico el 25 de julio. Primero, porque en el video de unos d\u00edas antes se observa que el avi\u00f3n pudo aterrizar en El Zorrillo con la matr\u00edcula tapada, una violaci\u00f3n a las normas aeron\u00e1uticas. Y segundo, porque el d\u00eda del vuelo del \u2018Mayo\u2019, el avi\u00f3n vol\u00f3 a EU con una matr\u00edcula duplicada\u201d, explic\u00f3 Ram\u00edrez.<\/p>\n\n\n\n<p>\u201cEn los videos y fotograf\u00edas del avi\u00f3n en Nuevo M\u00e9xico, despu\u00e9s de los arrestos del \u2018Mayo\u2019 y Guzm\u00e1n, se ve que la matr\u00edcula del Beechcraft King Air es la N287KA. Esta es la misma matr\u00edcula que ten\u00eda otro avi\u00f3n, m\u00e1s peque\u00f1o, que ese mismo d\u00eda estaba volando entre Sierra Blanca y Abilene, en Texas, y que unos d\u00edas antes estuvo en Brasil\u201d, coment\u00f3 la reportera.<\/p>\n\n\n\n<p>\u201cLas reglas aeron\u00e1uticas indican que los aviones deben tener sus matr\u00edculas pintadas. Pero el avi\u00f3n que lleg\u00f3 a Nuevo M\u00e9xico no la ten\u00eda pintada, sino puesta con vinilo adhesivo. Consult\u00e9 registros aeron\u00e1uticos y tuve acceso a informaci\u00f3n de gobierno en M\u00e9xico y EU. El avi\u00f3n con la verdadera matr\u00edcula N287KA, ese d\u00eda, volaba en efecto en Texas. No hab\u00eda estado en M\u00e9xico desde febrero, cuando vol\u00f3 entre Puerto Vallarta y Nuevo Laredo\u201d, afirm\u00f3 la periodista, en su columna de opini\u00f3n.<\/p>\n\n\n\n<p>\u201cLuego, obtuve el n\u00famero de serie del avi\u00f3n que lleg\u00f3 a Nuevo M\u00e9xico. Y con ello, rastre\u00e9 su historial en registros p\u00fablicos. Hasta 2013, un avi\u00f3n con ese mismo n\u00famero de serie volaba con una matr\u00edcula estadounidense. Ese a\u00f1o, se vendi\u00f3 a una empresa financiera mexicana. Se le asign\u00f3 una matr\u00edcula mexicana\u201d, dijo la reportera.<\/p>\n\n\n\n<p>\u201cDurante estos a\u00f1os, seg\u00fan registros p\u00fablicos, el avi\u00f3n ha sido propiedad de esa empresa, y ha tenido como su aeropuerto principal el de Xalapa, Veracruz. Al menos, as\u00ed estaba en el registro m\u00e1s reciente que hall\u00e9, de septiembre de 2023. Incluso, ese avi\u00f3n estuvo bajo una investigaci\u00f3n del Instituto Nacional Electoral [INE] sobre uso de aeronaves en Veracruz\u201d, se\u00f1al\u00f3 la periodista.<\/p>\n\n\n\n<p>\u201cEste n\u00famero de serie en particular estaba relacionado con una empresa, con domicilio en Coatzacoalcos, que facilit\u00f3 aviones a pol\u00edticos del [Partido Revolucionario Institucional] PRI. En las fotos de los aviones, el que lleg\u00f3 a Nuevo M\u00e9xico y el domiciliado en Xalapa, se ven algunas diferencias, aunque tienen el mismo n\u00famero de serie. Las autoridades no han podido explicar tampoco esto\u201d, enfatiz\u00f3 Ram\u00edrez.<\/p>\n\n\n\n<p>\u201cAhora, las autoridades mexicanas tratan de indagar c\u00f3mo ocurri\u00f3 el vuelo a Nuevo M\u00e9xico, cu\u00e1l era el historial de ese avi\u00f3n y c\u00f3mo lleg\u00f3 a ser utilizado por Guzm\u00e1n y Zambada. La investigaci\u00f3n refleja un problema mayor que las autoridades no han explicado: c\u00f3mo el narcotr\u00e1fico puede utilizar aviones comerciales, registrados oficialmente, y otros con matr\u00edculas tapadas, duplicadas, sin plan de vuelo\u201d, finaliz\u00f3 la reportera.<\/p>\n\n\n\n<p>(Informaci\u00f3n de \u201cNoroeste\u201d)<\/p>\n","protected":false},"excerpt":{"rendered":"<p>Redacci\u00f3n\/Zona Roja Cdmx. Ciudad de M\u00e9xico, a 4 de agosto de 2024.- Seg\u00fan el Bur\u00f3&hellip;<\/p>\n","protected":false},"author":2,"featured_media":71047,"comment_status":"closed","ping_status":"open","sticky":false,"template":"","format":"standard","meta":{"_lmt_disableupdate":"","_lmt_disable":"","_jetpack_memberships_contains_paid_content":false,"footnotes":""},"categories":[109,47],"tags":[3847],"class_list":["post-71046","post","type-post","status-publish","format-standard","has-post-thumbnail","hentry","category-minuto-a-minuto","category-zona-gris","tag-ismael-el-mayo-zambada"],"jetpack_featured_media_url":"https:\/\/zonaroja.com.mx\/wp-content\/uploads\/2024\/08\/Avion-El-Mayo-Texas.jpeg","jetpack_sharing_enabled":true,"_links":{"self":[{"href":"https:\/\/zonaroja.com.mx\/index.php?rest_route=\/wp\/v2\/posts\/71046","targetHints":{"allow":["GET"]}}],"collection":[{"href":"https:\/\/zonaroja.com.mx\/index.php?rest_route=\/wp\/v2\/posts"}],"about":[{"href":"https:\/\/zonaroja.com.mx\/index.php?rest_route=\/wp\/v2\/types\/post"}],"author":[{"embeddable":true,"href":"https:\/\/zonaroja.com.mx\/index.php?rest_route=\/wp\/v2\/users\/2"}],"replies":[{"embeddable":true,"href":"https:\/\/zonaroja.com.mx\/index.php?rest_route=%2Fwp%2Fv2%2Fcomments&post=71046"}],"version-history":[{"count":1,"href":"https:\/\/zonaroja.com.mx\/index.php?rest_route=\/wp\/v2\/posts\/71046\/revisions"}],"predecessor-version":[{"id":71048,"href":"https:\/\/zonaroja.com.mx\/index.php?rest_route=\/wp\/v2\/posts\/71046\/revisions\/71048"}],"wp:featuredmedia":[{"embeddable":true,"href":"https:\/\/zonaroja.com.mx\/index.php?rest_route=\/wp\/v2\/media\/71047"}],"wp:attachment":[{"href":"https:\/\/zonaroja.com.mx\/index.php?rest_route=%2Fwp%2Fv2%2Fmedia&parent=71046"}],"wp:term":[{"taxonomy":"category","embeddable":true,"href":"https:\/\/zonaroja.com.mx\/index.php?rest_route=%2Fwp%2Fv2%2Fcategories&post=71046"},{"taxonomy":"post_tag","embeddable":true,"href":"https:\/\/zonaroja.com.mx\/index.php?rest_route=%2Fwp%2Fv2%2Ftags&post=71046"}],"curies":[{"name":"wp","href":"https:\/\/api.w.org\/{rel}","templated":true}]}}