{"id":71056,"date":"2024-08-04T10:28:00","date_gmt":"2024-08-04T16:28:00","guid":{"rendered":"https:\/\/zonaroja.com.mx\/?p=71056"},"modified":"2024-08-04T07:29:41","modified_gmt":"2024-08-04T13:29:41","slug":"rechaza-san-juan-mixtepec-senalamientos-de-secretario-de-gobierno","status":"publish","type":"post","link":"https:\/\/zonaroja.com.mx\/?p=71056","title":{"rendered":"Rechaza San Juan Mixtepec se\u00f1alamientos de secretario de Gobierno"},"content":{"rendered":"\n<p>Raymundo Morales\/Zona Roja.<\/p>\n\n\n\n<p>Oaxaca de Ju\u00e1rez, Oax., a 4 de agosto de 2024.- La autoridad municipal y la agraria de San Juan Mixtepec se deslindaron de los se\u00f1alamientos del secretario de Gobierno, Jes\u00fas Romero L\u00f3pez, de que fueron los autores del ataque en Santo Domingo Yoso\u00f1ama.<\/p>\n\n\n\n<p>A trav\u00e9s de un video difundido en redes sociales, el presidente municipal Bernardo Ram\u00edrez, acompa\u00f1ado de integrantes del Cabildo y del Comisariado de Bienes Comunales, lament\u00f3 las declaraciones y consider\u00f3 que pone en riesgo sus vidas.<\/p>\n\n\n\n<p>El pasado jueves, en la conferencia en materia de seguridad, el secretario de Gobierno dio a conocer la problem\u00e1tica agraria entre las dos partes y se\u00f1al\u00f3 que el edil y dem\u00e1s autoridades eran responsables de los ataques con destrucci\u00f3n de sistemas de energ\u00eda solar y de agua potable.<\/p>\n\n\n\n<p>Tras ello, las autoridades municipal de San Juan Mixtepec consideraron que son falsas las acusaciones pues el funcionario \u201cha violado el principito de presunci\u00f3n de inocencia, de acusarnos sin pruebas.<\/p>\n\n\n\n<p>\u201cY quiero decirles que es una acusaci\u00f3n sin fundamentos, no tiene pruebas para acusarnos, decirles que nosotros hemos sido muy respetuosos, hemos solicitado que se instale la seguridad, una base de seguridad mixta, tambi\u00e9n que se haga el patrullaje en este municipio\u201d.<\/p>\n\n\n\n<p>El edil record\u00f3 que es un problema social que lleva 14 a\u00f1os y que ha dejado al menos 28 muertos en Mixtepec; no obstante, a la fecha no avanzan las investigaciones.<\/p>\n\n\n\n<p>El m\u00e1s reciente hecho ocurri\u00f3 hace unos meses, en que quemaron viviendas de la localidad Cerro Metate y tras lo cual presentaron las denuncias correspondientes.<\/p>\n\n\n\n<p>\u201cHay muchas carpetas de investigaci\u00f3n de homicidios y de desapariciones forzadas relacionadas con este municipio, pero consideramos que toda persona que dice o acusa, como en este caso que se\u00f1ala el secretario que cometimos un delito, lo cual resulta que nosotros y las otras autoridades no tuvimos ninguna participaci\u00f3n tanto material como intelectual, por eso lo que nos vaya a pasar a su servidor a las autoridades hacemos responsable al licenciado Jos\u00e9 de Jes\u00fas Romero L\u00f3pez.<\/p>\n\n\n\n<p>\u201cCon estas acusaciones que nos hace, infundados, abre muchas evidencias que seguramente el pueblo de Santo Domingo Yoso\u00f1ama pueda pensar que en realidad nosotros hemos cometido y por eso corre peligro la vida de su servidor y de las otras autoridades que acusan\u201d, expuso.<\/p>\n","protected":false},"excerpt":{"rendered":"<p>Raymundo Morales\/Zona Roja. Oaxaca de Ju\u00e1rez, Oax., a 4 de agosto de 2024.- La autoridad&hellip;<\/p>\n","protected":false},"author":2,"featured_media":71057,"comment_status":"closed","ping_status":"open","sticky":false,"template":"","format":"standard","meta":{"_lmt_disableupdate":"","_lmt_disable":"","_jetpack_memberships_contains_paid_content":false,"footnotes":""},"categories":[109,47],"tags":[1768],"class_list":["post-71056","post","type-post","status-publish","format-standard","has-post-thumbnail","hentry","category-minuto-a-minuto","category-zona-gris","tag-san-juan-mixtepec"],"jetpack_featured_media_url":"https:\/\/zonaroja.com.mx\/wp-content\/uploads\/2024\/08\/Presidente-municipal-San-Juan-Mixtepec.jpg","jetpack_sharing_enabled":true,"_links":{"self":[{"href":"https:\/\/zonaroja.com.mx\/index.php?rest_route=\/wp\/v2\/posts\/71056","targetHints":{"allow":["GET"]}}],"collection":[{"href":"https:\/\/zonaroja.com.mx\/index.php?rest_route=\/wp\/v2\/posts"}],"about":[{"href":"https:\/\/zonaroja.com.mx\/index.php?rest_route=\/wp\/v2\/types\/post"}],"author":[{"embeddable":true,"href":"https:\/\/zonaroja.com.mx\/index.php?rest_route=\/wp\/v2\/users\/2"}],"replies":[{"embeddable":true,"href":"https:\/\/zonaroja.com.mx\/index.php?rest_route=%2Fwp%2Fv2%2Fcomments&post=71056"}],"version-history":[{"count":1,"href":"https:\/\/zonaroja.com.mx\/index.php?rest_route=\/wp\/v2\/posts\/71056\/revisions"}],"predecessor-version":[{"id":71058,"href":"https:\/\/zonaroja.com.mx\/index.php?rest_route=\/wp\/v2\/posts\/71056\/revisions\/71058"}],"wp:featuredmedia":[{"embeddable":true,"href":"https:\/\/zonaroja.com.mx\/index.php?rest_route=\/wp\/v2\/media\/71057"}],"wp:attachment":[{"href":"https:\/\/zonaroja.com.mx\/index.php?rest_route=%2Fwp%2Fv2%2Fmedia&parent=71056"}],"wp:term":[{"taxonomy":"category","embeddable":true,"href":"https:\/\/zonaroja.com.mx\/index.php?rest_route=%2Fwp%2Fv2%2Fcategories&post=71056"},{"taxonomy":"post_tag","embeddable":true,"href":"https:\/\/zonaroja.com.mx\/index.php?rest_route=%2Fwp%2Fv2%2Ftags&post=71056"}],"curies":[{"name":"wp","href":"https:\/\/api.w.org\/{rel}","templated":true}]}}