{"id":71071,"date":"2024-08-04T20:44:55","date_gmt":"2024-08-05T02:44:55","guid":{"rendered":"https:\/\/zonaroja.com.mx\/?p=71071"},"modified":"2024-08-04T20:46:42","modified_gmt":"2024-08-05T02:46:42","slug":"presunto-intento-de-secuestro-de-una-mujer-fenera-tension-en-yucuxaco","status":"publish","type":"post","link":"https:\/\/zonaroja.com.mx\/?p=71071","title":{"rendered":"Presunto intento de secuestro de una mujer genera tensi\u00f3n en la Mixteca"},"content":{"rendered":"\n<p>Redacci\u00f3n\/Zona Roja.<\/p>\n\n\n\n<p>Oaxaca de Ju\u00e1rez, Oax., a 4 de agosto de 2024.- Entre las 12:30 y 13:00 horas de este domingo 4 de agosto de 2024 se registr\u00f3 un presunto intento de secuestro a la madre de las integrantes de reconocida agrupaci\u00f3n de m\u00fasica norte\u00f1a en su domicilio ubicado a un costado de la carretera federal 125, cerca de la desviaci\u00f3n a San Pedro M\u00e1rtir Yucuxaco.<\/p>\n\n\n\n<p>Los presuntos captores, que viajaban en un veh\u00edculo Tsuru de color blanco, irrumpieron en la vivienda con la intenci\u00f3n de llevarse a la se\u00f1ora.&nbsp;<\/p>\n\n\n\n<p>La r\u00e1pida respuesta de los vecinos permiti\u00f3 la aprehensi\u00f3n de dos de los individuos, quienes fueron trasladados a la cancha municipal de San Pedro M\u00e1rtir Yucuxaco.&nbsp;<\/p>\n\n\n\n<p>Un tercer sospechoso fue detenido en el centro de Santiago Yolom\u00e9catl por elementos de seguridad.<\/p>\n\n\n\n<p>Este incidente ha generado una tensa calma en Yucuxaco, donde la comunidad permanece alerta y exige mayores medidas de seguridad.&nbsp;<\/p>\n\n\n\n<p>Seg\u00fan los informes, la v\u00edctima se encuentra fuera de peligro y en espera de las autoridades de impartici\u00f3n de justicia.<\/p>\n\n\n\n<p>&nbsp;(Informaci\u00f3n de H\u00e9ctor Acevedo)<\/p>\n","protected":false},"excerpt":{"rendered":"<p>Redacci\u00f3n\/Zona Roja. Oaxaca de Ju\u00e1rez, Oax., a 4 de agosto de 2024.- Entre las 12:30&hellip;<\/p>\n","protected":false},"author":2,"featured_media":71072,"comment_status":"closed","ping_status":"open","sticky":false,"template":"","format":"standard","meta":{"_lmt_disableupdate":"","_lmt_disable":"","_jetpack_memberships_contains_paid_content":false,"footnotes":""},"categories":[109,46],"tags":[4016],"class_list":["post-71071","post","type-post","status-publish","format-standard","has-post-thumbnail","hentry","category-minuto-a-minuto","category-zona-blanca","tag-san-pedro-martir-yucuxaco"],"jetpack_featured_media_url":"https:\/\/zonaroja.com.mx\/wp-content\/uploads\/2024\/08\/Secuestradores-Yucuxaco.jpg","jetpack_sharing_enabled":true,"_links":{"self":[{"href":"https:\/\/zonaroja.com.mx\/index.php?rest_route=\/wp\/v2\/posts\/71071","targetHints":{"allow":["GET"]}}],"collection":[{"href":"https:\/\/zonaroja.com.mx\/index.php?rest_route=\/wp\/v2\/posts"}],"about":[{"href":"https:\/\/zonaroja.com.mx\/index.php?rest_route=\/wp\/v2\/types\/post"}],"author":[{"embeddable":true,"href":"https:\/\/zonaroja.com.mx\/index.php?rest_route=\/wp\/v2\/users\/2"}],"replies":[{"embeddable":true,"href":"https:\/\/zonaroja.com.mx\/index.php?rest_route=%2Fwp%2Fv2%2Fcomments&post=71071"}],"version-history":[{"count":3,"href":"https:\/\/zonaroja.com.mx\/index.php?rest_route=\/wp\/v2\/posts\/71071\/revisions"}],"predecessor-version":[{"id":71075,"href":"https:\/\/zonaroja.com.mx\/index.php?rest_route=\/wp\/v2\/posts\/71071\/revisions\/71075"}],"wp:featuredmedia":[{"embeddable":true,"href":"https:\/\/zonaroja.com.mx\/index.php?rest_route=\/wp\/v2\/media\/71072"}],"wp:attachment":[{"href":"https:\/\/zonaroja.com.mx\/index.php?rest_route=%2Fwp%2Fv2%2Fmedia&parent=71071"}],"wp:term":[{"taxonomy":"category","embeddable":true,"href":"https:\/\/zonaroja.com.mx\/index.php?rest_route=%2Fwp%2Fv2%2Fcategories&post=71071"},{"taxonomy":"post_tag","embeddable":true,"href":"https:\/\/zonaroja.com.mx\/index.php?rest_route=%2Fwp%2Fv2%2Ftags&post=71071"}],"curies":[{"name":"wp","href":"https:\/\/api.w.org\/{rel}","templated":true}]}}