{"id":7108,"date":"2019-12-29T17:23:30","date_gmt":"2019-12-29T23:23:30","guid":{"rendered":"http:\/\/www.zonaroja.com.mx\/?p=7108"},"modified":"2019-12-29T20:04:36","modified_gmt":"2019-12-30T02:04:36","slug":"accidente-vehicular-en-chiapas-deja-11-muertos-y-10-heridos","status":"publish","type":"post","link":"https:\/\/zonaroja.com.mx\/?p=7108","title":{"rendered":"Accidente vehicular en Chiapas deja 11 muertos y 10 heridos"},"content":{"rendered":"\n<p>Redacci\u00f3n\/Zona Roja Cdmx.<\/p>\n\n\n\n<p>Ciudad de M\u00e9xico, 29 de diciembre de\n2019.- Un accidente vehicular en la carretera Arriaga-Ocozocuautla, Chiapas, dej\u00f3\na 11 personas sin vida y 10 heridos, en este \u00faltimo domingo de 2019.<\/p>\n\n\n\n<p>Fue a la altura del kil\u00f3metro 36+900\ndonde un autom\u00f3vil y un transporte colectivo, se impactaron de frente. El\nchoque provoc\u00f3 que varias personas quedaran atrapadas entre los restos de los\nveh\u00edculos.<\/p>\n\n\n\n<p>Los heridos fueron trasladados al\nHospital General de Arriaga y Cintalapa, principalmente; otros fueron derivados\na otros cl\u00ednicas cercanas, dependiendo la gravedad de cada caso, confirm\u00f3 la\nSecretar\u00eda de Salud en Chiapas.<\/p>\n\n\n\n<p>Algunos de los heridos ser\u00e1n trasladados\na Tuxtla Guti\u00e9rrez v\u00eda a\u00e9rea. Adem\u00e1s, la dependencia estatal dijo que publicar\u00e1\nlos nombres de los pasajeros de ambas unidades y los hospitales a los que\nfueron llevados.<\/p>\n\n\n\n<p>Algunas de las personas heridas de\ngravedad son \u00c1ngela Delisa Gamboa L\u00f3pez de 7 a\u00f1os, Ada Judith Gamboa S\u00e1nchez de\n22 a\u00f1os, Emilio Gamboa Hern\u00e1ndez de 57 a\u00f1os, Yosmar Sanchez Oseja de 20 a\u00f1os,\nKenia Berenice L\u00f3pez Arrivillaga de 26 a\u00f1os, entre otros que no han sido\nidentificados.<\/p>\n\n\n\n<p>Dos de los 11 fallecidos portaban\nuniforme del Ej\u00e9rcito Mexicano, aunque se desconoce su identidad.<\/p>\n\n\n\n<p>(Con informaci\u00f3n de \u201cEl Heraldo de\nM\u00e9xico\u201d).<\/p>\n","protected":false},"excerpt":{"rendered":"<p>Redacci\u00f3n\/Zona Roja Cdmx. Ciudad de M\u00e9xico, 29 de diciembre de 2019.- Un accidente vehicular en&hellip;<\/p>\n","protected":false},"author":2,"featured_media":7109,"comment_status":"closed","ping_status":"open","sticky":false,"template":"","format":"standard","meta":{"_lmt_disableupdate":"","_lmt_disable":"","_jetpack_memberships_contains_paid_content":false,"footnotes":""},"categories":[109,51],"tags":[1201],"class_list":["post-7108","post","type-post","status-publish","format-standard","has-post-thumbnail","hentry","category-minuto-a-minuto","category-zona-roja","tag-chiapas"],"jetpack_featured_media_url":"https:\/\/zonaroja.com.mx\/wp-content\/uploads\/2019\/12\/accidente-Chiapas.jpg","jetpack_sharing_enabled":true,"_links":{"self":[{"href":"https:\/\/zonaroja.com.mx\/index.php?rest_route=\/wp\/v2\/posts\/7108","targetHints":{"allow":["GET"]}}],"collection":[{"href":"https:\/\/zonaroja.com.mx\/index.php?rest_route=\/wp\/v2\/posts"}],"about":[{"href":"https:\/\/zonaroja.com.mx\/index.php?rest_route=\/wp\/v2\/types\/post"}],"author":[{"embeddable":true,"href":"https:\/\/zonaroja.com.mx\/index.php?rest_route=\/wp\/v2\/users\/2"}],"replies":[{"embeddable":true,"href":"https:\/\/zonaroja.com.mx\/index.php?rest_route=%2Fwp%2Fv2%2Fcomments&post=7108"}],"version-history":[{"count":1,"href":"https:\/\/zonaroja.com.mx\/index.php?rest_route=\/wp\/v2\/posts\/7108\/revisions"}],"predecessor-version":[{"id":7110,"href":"https:\/\/zonaroja.com.mx\/index.php?rest_route=\/wp\/v2\/posts\/7108\/revisions\/7110"}],"wp:featuredmedia":[{"embeddable":true,"href":"https:\/\/zonaroja.com.mx\/index.php?rest_route=\/wp\/v2\/media\/7109"}],"wp:attachment":[{"href":"https:\/\/zonaroja.com.mx\/index.php?rest_route=%2Fwp%2Fv2%2Fmedia&parent=7108"}],"wp:term":[{"taxonomy":"category","embeddable":true,"href":"https:\/\/zonaroja.com.mx\/index.php?rest_route=%2Fwp%2Fv2%2Fcategories&post=7108"},{"taxonomy":"post_tag","embeddable":true,"href":"https:\/\/zonaroja.com.mx\/index.php?rest_route=%2Fwp%2Fv2%2Ftags&post=7108"}],"curies":[{"name":"wp","href":"https:\/\/api.w.org\/{rel}","templated":true}]}}