{"id":71081,"date":"2024-08-05T09:20:00","date_gmt":"2024-08-05T15:20:00","guid":{"rendered":"https:\/\/zonaroja.com.mx\/?p=71081"},"modified":"2024-08-05T08:06:19","modified_gmt":"2024-08-05T14:06:19","slug":"inicia-consejeria-juridica-programa-alfabetizacion-en-santa-lucia-del-camino","status":"publish","type":"post","link":"https:\/\/zonaroja.com.mx\/?p=71081","title":{"rendered":"Inicia Consejer\u00eda Jur\u00eddica programa alfabetizaci\u00f3n en Santa Luc\u00eda del Camino"},"content":{"rendered":"\n<p>Redacci\u00f3n\/Zona Roja.<\/p>\n\n\n\n<p>Oaxaca de Ju\u00e1rez, Oax., a 5 de agosto de 2024.- Para reducir el rezago educativo de personas mayores de 15 a\u00f1os, la Consejer\u00eda Jur\u00eddica y Asistencia Legal del Gobierno del Estado de Oaxaca en coordinaci\u00f3n con el ayuntamiento de Santa Luc\u00eda del Camino, dio inicio al programa Alfabetizaci\u00f3n para el Bienestar en esta demarcaci\u00f3n.&nbsp;<\/p>\n\n\n\n<p>El titular de la Consejer\u00eda, Geovany V\u00e1squez Sagrero, se\u00f1al\u00f3 que esta acci\u00f3n es impulsada por la \u201cPrimavera Oaxaque\u00f1a\u201d que encabeza el gobernador Salom\u00f3n Jara Cruz, a fin de que los 100 municipios de la entidad con mayor \u00edndice de analfabetismo sean atendidos por igual n\u00famero de dependencias estatales.<\/p>\n\n\n\n<p>Agradeci\u00f3 al edil de Santa Luc\u00eda del Camino, Juan Carlos Garc\u00eda M\u00e1rquez, por la disposici\u00f3n y trabajo en equipo en favor de la ciudadan\u00eda de esa zona conurbada.<\/p>\n\n\n\n<p>En este marco, se entregaron kits a estudiantes de la Universidad Aut\u00f3noma \u201cBenito Ju\u00e1rez\u201d de Oaxaca (UABJO), quienes fungir\u00e1n como alfabetizadores.&nbsp;<\/p>\n\n\n\n<p>Las personas interesadas en aprender a leer y escribir deber\u00e1n presentar antes del 24 de agosto su acta de nacimiento y Clave \u00danica de Registro de Poblaci\u00f3n (CURP) en la Oficial\u00eda de Partes del Ayuntamiento de Santa Luc\u00eda del Camino, ubicada en calle Siracuza sin n\u00famero.&nbsp;<\/p>\n\n\n\n<p>Quienes deseen mayores informes pueden marcar al n\u00famero telef\u00f3nico 951 143 3677 o enviar un mensaje a la red social Facebook: Consejer\u00eda Jur\u00eddica y Asistencia Legal.&nbsp;<\/p>\n","protected":false},"excerpt":{"rendered":"<p>Redacci\u00f3n\/Zona Roja. Oaxaca de Ju\u00e1rez, Oax., a 5 de agosto de 2024.- Para reducir el&hellip;<\/p>\n","protected":false},"author":2,"featured_media":71082,"comment_status":"closed","ping_status":"open","sticky":false,"template":"","format":"standard","meta":{"_lmt_disableupdate":"","_lmt_disable":"","_jetpack_memberships_contains_paid_content":false,"footnotes":""},"categories":[109,46],"tags":[3435],"class_list":["post-71081","post","type-post","status-publish","format-standard","has-post-thumbnail","hentry","category-minuto-a-minuto","category-zona-blanca","tag-consejeria-juridica-gobierno-del-estado"],"jetpack_featured_media_url":"https:\/\/zonaroja.com.mx\/wp-content\/uploads\/2024\/08\/Alfabetizacion-Santa-Lucia-del-Camino.jpeg","jetpack_sharing_enabled":true,"_links":{"self":[{"href":"https:\/\/zonaroja.com.mx\/index.php?rest_route=\/wp\/v2\/posts\/71081","targetHints":{"allow":["GET"]}}],"collection":[{"href":"https:\/\/zonaroja.com.mx\/index.php?rest_route=\/wp\/v2\/posts"}],"about":[{"href":"https:\/\/zonaroja.com.mx\/index.php?rest_route=\/wp\/v2\/types\/post"}],"author":[{"embeddable":true,"href":"https:\/\/zonaroja.com.mx\/index.php?rest_route=\/wp\/v2\/users\/2"}],"replies":[{"embeddable":true,"href":"https:\/\/zonaroja.com.mx\/index.php?rest_route=%2Fwp%2Fv2%2Fcomments&post=71081"}],"version-history":[{"count":1,"href":"https:\/\/zonaroja.com.mx\/index.php?rest_route=\/wp\/v2\/posts\/71081\/revisions"}],"predecessor-version":[{"id":71083,"href":"https:\/\/zonaroja.com.mx\/index.php?rest_route=\/wp\/v2\/posts\/71081\/revisions\/71083"}],"wp:featuredmedia":[{"embeddable":true,"href":"https:\/\/zonaroja.com.mx\/index.php?rest_route=\/wp\/v2\/media\/71082"}],"wp:attachment":[{"href":"https:\/\/zonaroja.com.mx\/index.php?rest_route=%2Fwp%2Fv2%2Fmedia&parent=71081"}],"wp:term":[{"taxonomy":"category","embeddable":true,"href":"https:\/\/zonaroja.com.mx\/index.php?rest_route=%2Fwp%2Fv2%2Fcategories&post=71081"},{"taxonomy":"post_tag","embeddable":true,"href":"https:\/\/zonaroja.com.mx\/index.php?rest_route=%2Fwp%2Fv2%2Ftags&post=71081"}],"curies":[{"name":"wp","href":"https:\/\/api.w.org\/{rel}","templated":true}]}}