{"id":71084,"date":"2024-08-05T09:24:00","date_gmt":"2024-08-05T15:24:00","guid":{"rendered":"https:\/\/zonaroja.com.mx\/?p=71084"},"modified":"2024-08-05T08:24:56","modified_gmt":"2024-08-05T14:24:56","slug":"opinion-seculta-y-el-crimen-contra-el-maco","status":"publish","type":"post","link":"https:\/\/zonaroja.com.mx\/?p=71084","title":{"rendered":"Opini\u00f3n. Seculta y el crimen contra el MACO"},"content":{"rendered":"\n<p>Ismael Garc\u00eda M.\/Zona Roja.<\/p>\n\n\n\n<p>Oaxaca, Oax., a 5 de agosto de 2024.- Una aparente calma envuelve al nuevo Museo de Arte Contempor\u00e1neo y de las Culturas Oaxaque\u00f1as (MACCO), reabierto este a\u00f1o en el marco de las fiestas de la Guelaguetza.<\/p>\n\n\n\n<p>Pero esa calma pronto podr\u00eda ser precedente de una tormenta en el \u00e1mbito cultural, que probablemente alcance la esfera pol\u00edtica, ante la inconformidad por las decisiones err\u00f3neas de la Secretar\u00eda de las Culturas y las Artes, que encabeza el ling\u00fcista V\u00edctor V\u00e1squez Castillejos.<\/p>\n\n\n\n<p>La raz\u00f3n: echar por la borda tres d\u00e9cadas de historia y de un legado de artistas como Francisco Toledo, uno de los principales fundadores del Museo de Arte Contempor\u00e1neo de Oaxaca (MACO).&nbsp;<\/p>\n\n\n\n<p>Y los errores son continuos, como el promover un fallido concurso para elaborar un logotipo de la nueva instituci\u00f3n\u2026 echando por la borda tambi\u00e9n la contribuci\u00f3n original el destacado artista mexicano Vicente Rojo.<\/p>\n\n\n\n<p>Para rematar, la designaci\u00f3n de un director, Luis Hampshire, distanciado de los pot\u00e9nciales creadores cr\u00edticos y m\u00e1s cerca de los aduladores oficiales.<\/p>\n\n\n\n<p>HIST\u00d3RICO<\/p>\n\n\n\n<p>De acuerdo con el sitio \u201cM\u00e9xico es cultura\u201d, la sede del museo en una casa antigua construida a finales del siglo XVII y principios del XVIII por las familias Lazo de la Vega y Pinelo, cuyo escudo de armas preside la fachada, popularmente, el edificio es conocido como la \u201cCasa de Hern\u00e1n Cort\u00e9s\u201d, pese a que el conquistador nunca estuvo en la ciudad de Oaxaca.<br>Con los a\u00f1os, la casona de las familias Lazo de la Vega y Pinelo pas\u00f3 a manos de distintos propietarios hasta que al Gobierno del Estado la adquiri\u00f3 en 1986 para instalar en ella el Museo de la Ciudad.&nbsp;<\/p>\n\n\n\n<p>Seis a\u00f1os despu\u00e9s, el 28 de febrero de 1992, la iniciativa conjunta de artistas, ciudadanos y autoridades dio un nuevo uso al inmueble con la creaci\u00f3n del Museo de Arte Contempor\u00e1neo de Oaxaca.<br>En el a\u00f1o 2010 se llevo a cabo la restauraci\u00f3n de la casa que alberga al museo, que dur\u00f3 18 meses. El techo de la escalinata del Museo es una b\u00f3veda estrellada, con relieves de nervadura en argamasa, en la cu\u00e1l Francisco Toledo trabaj\u00f3, y que ahora es un atractivo visual m\u00e1s dentro del museo.<\/p>\n\n\n\n<p>El museo, que se ubica en la segunda calle de Macedonio Alcal\u00e1, Centro Hist\u00f3rico de la capital, fue fundado el 28 de febrero de 19921 por la Asociaci\u00f3n Civil Amigos del Museo de Arte Contempor\u00e1neo de Oaxaca A.C. con el apoyo del gobierno del estado, as\u00ed como la colaboraci\u00f3n del Instituto Nacional de Bellas Artes.&nbsp;<\/p>\n\n\n\n<p>La iniciativa fue de Francisco Toledo, Rodolfo Morales, Arnulfo Aquino, Rub\u00e9n Leyva, Sergio Hern\u00e1ndez, Luis Z\u00e1rate, entre otros.<\/p>\n\n\n\n<p>DEBACLE<\/p>\n\n\n\n<p>Por muchos a\u00f1os fue administrada de manera magistral, con exposiciones de renombre internacional, y uno de los principales impulsores fue Fernando Solana Olivares.<\/p>\n\n\n\n<p>Pero paulatinamente fue decayendo el prestigio de la instituci\u00f3n, y hasta Francisco Toledo comenz\u00f3 a distanciarse de la administraci\u00f3n, que por muchos a\u00f1os encabez\u00f3 el pintor Rub\u00e9n Leyva y con quien comenz\u00f3 la debacle.<\/p>\n\n\n\n<p>Los problemas comenzaron en diciembre de 2020, cuando una veintena de trabajadores denunci\u00f3 la falta de pago por parte de la asociaci\u00f3n civil, conflicto laboral que se ha prolongado hasta la fecha, aunque se ha liquidado a m\u00e1s de la mitad de los inconformes.<\/p>\n\n\n\n<p>La crisis escal\u00f3 en abril de 2021, cuando la directiva sac\u00f3 con polic\u00edas a los trabajadores que ten\u00edan a su cargo el MACO y lo cerr\u00f3 en definitiva; a finales&nbsp; de 2022 intent\u00f3 una reapertura, que fracas\u00f3.<\/p>\n\n\n\n<p>El 27 de junio de 2023, a trav\u00e9s de la Consejer\u00eda Jur\u00eddica y Asistencia Legal, el gobierno de Salom\u00f3n Jara recuper\u00f3 el inmueble, al terminarse el comodato de cesi\u00f3n a la asociaci\u00f3n civil. Posteriormente rescat\u00f3 dos bodegas, una en el centro de la ciudad y otra en la colonia Reforma, estas \u00faltimas motivo de pleito legal.<\/p>\n\n\n\n<p>Fue hasta el 23 de mayo de 2024 en que finalmente se concret\u00f3 la cesi\u00f3n del inmueble, previas denuncias ya acusaciones de un reducido grupo de creadores, encabezados por Rub\u00e9n Leyva, as\u00ed como el \u00faltimo director, que sucedi\u00f3 a la cesada Cecilia Ming\u00fcer.<\/p>\n\n\n\n<p>Pero tuvo que pasar un a\u00f1o para que la Secretar\u00eda de las Culturas comenzara un improvisado proceso de apertura, lanzando una convocatoria para cambiar el nombre de la instituci\u00f3n, sin consulta al sector cultural ni a nadie, lo que caus\u00f3 la primera molestia.<\/p>\n\n\n\n<p>Luego, el titular V\u00edctor V\u00e1squez, conocido m\u00e1s como V\u00edctor Cata, lanz\u00f3 una convocatoria, tambi\u00e9n sin mayor difusi\u00f3n, para crear un nuevo logotipo, que termin\u00f3 en una decisi\u00f3n a favor de un plagio; la segunda molestia, quitar la creaci\u00f3n del artista Vicente Rojo.<\/p>\n\n\n\n<p>La tercera pifia, montar una desorganizada exposici\u00f3n, con base en las recomendaciones de un inexperto pintor Lucio Santiago, hijo del destacado Alejandro Santiago; la en\u00e9sima molestia, designar a Luis Hampshire, creador y supuesto catedr\u00e1tico de la Facultad de Bellas Artes de la UABJO, donde se quejan de sus continuas inasistencias.<\/p>\n\n\n\n<p>LATENTE<\/p>\n\n\n\n<p>La inconformidad est\u00e1 latente pero hasta ahora hay pocas voces de inconformidad para defender el legado de Francisco Toledo y otros connotados artistas.<\/p>\n\n\n\n<p>Uno de ellos, aunque a la distancia, es Sergio Hern\u00e1ndez quien en julio de 2023 advirti\u00f3, en su colaboraci\u00f3n en \u201cMilenio\u201d:<\/p>\n\n\n\n<p>Nada bueno anticipan la repentina decisi\u00f3n del gobierno de Oaxaca ni la violenta acci\u00f3n de su procuradur\u00eda para tomar con marinos armados la sede del MACO, \u00fanico sitio del estado y de todo M\u00e9xico dedicado durante 31 a\u00f1os de azarosa vida al impulso y preservaci\u00f3n del arte contempor\u00e1neo oaxaque\u00f1o.<\/p>\n\n\n\n<p>Un a\u00f1o despu\u00e9s, el 18 de julio, escribi\u00f3 en ese mismo espacio:<\/p>\n\n\n\n<p>\u201cCon manteles largos y mole de guajolote, entre pirul\u00edes, meng\u00fcanitos y harto mezcal, el gobierno oaxaque\u00f1o parece decidido a dar otra \u2018vuelta de tuerca\u2019 a la historia de abusos y despojos iniciada hace un a\u00f1o (junio de 2023) por \u00e9l mismo, cuando decidi\u00f3 secuestrar el Museo de Arte Contempor\u00e1neo de Oaxaca (MACO).<\/p>\n\n\n\n<p>\u201cQuienes mantuvimos vivo durante 31 a\u00f1os el proyecto cultural anterior y dimos en comodato obras no recuperadas hasta hoy, hemos manifestado \u2014directamente o por medio de familiares o herederos leg\u00edtimos\u2014 nuestra indignaci\u00f3n ante la suma de atropellos cometidos o solapados desde la Secretar\u00eda de Cultura y otras instancias del gobierno del estado para apropiarse \u201cen nombre del pueblo\u201d de una colecci\u00f3n privada de piezas siempre expuestas al p\u00fablico, y que tienen due\u00f1os diversos, personas con nombre y apellido y legados vivos\u201d.<\/p>\n\n\n\n<p>Otro es el destacado artista pl\u00e1stico Alberto Arag\u00f3n Reyes \u2014autor de las esculturas gigantes expuestas en el centro de la ciudad de Oaxaca, quien ha criticado el crimen en contra del MACO.<\/p>\n\n\n\n<p>Incluso, el prol\u00edfico creador oaxaque\u00f1o, quien contribuy\u00f3 con dinero para pagar sueldos ca\u00eddos de los entonces trabajadores del Museo, hab\u00eda propuesto de manera desinteresada prestar unas 300 obras, incluyendo sus esculturas gigantes, corriendo con los gastos, pero fue menospreciada su propuesta.<\/p>\n\n\n\n<p>El gobierno opt\u00f3 por Luis Hampshire, ex director del Museo de los Pintores Oaxaque\u00f1os, cuyo paso fue gris, y \u201cmont\u00f3\u201d una exposici\u00f3n \u201cTodos somos de fuera\u201d, para reabrir el espacio el 19 de julio pasado.<\/p>\n\n\n\n<p>No obstante, hay escasas obras destacadas y lo \u00fanico que hizo la Secretar\u00eda de las Culturas es retomar las ya instaladas piezas de Rufino Tamayo y Rodolfo Nieto, y agregar nombres con escasa trayectoria, como Lucio Santiago, actual asesor de V\u00edctor V\u00e1squez.<\/p>\n\n\n\n<p>Las prisas y la improvisaci\u00f3n de V\u00edctor Cata se han reflejado en una escasa asistencia al Museo y en menosprecio por parte de la comunidad cultural nacional e internacional.<\/p>\n\n\n\n<p>Apenas el pasado fin de semana, los ex trabajadores del MACO dieron a conocer una carta p\u00fablica en que detallaron que contin\u00faan las irregularidades y los nuevos mandos en dicho recinto tienen conflicto de inter\u00e9s, al tener bajo su responsabilidad galer\u00edas de arte.<\/p>\n\n\n\n<p>Pero eso no es todo. El problema legal no ha cesado y, pese a los esfuerzos de la Consejer\u00eda Jur\u00eddica, apenas comenzar\u00e1 la batalla por el legado art\u00edstico y por las sedes alternas, que la asociaci\u00f3n civil Amigos del MACO aduce son de su propiedad.<\/p>\n\n\n\n<p>Mientras, con la nueva administraci\u00f3n, el otrora glorioso museo va camino a la mediocridad y al desastre.<\/p>\n","protected":false},"excerpt":{"rendered":"<p>Ismael Garc\u00eda M.\/Zona Roja. Oaxaca, Oax., a 5 de agosto de 2024.- Una aparente calma&hellip;<\/p>\n","protected":false},"author":2,"featured_media":67764,"comment_status":"closed","ping_status":"open","sticky":false,"template":"","format":"standard","meta":{"_lmt_disableupdate":"","_lmt_disable":"","_jetpack_memberships_contains_paid_content":false,"footnotes":""},"categories":[456,109,48],"tags":[1353],"class_list":["post-71084","post","type-post","status-publish","format-standard","has-post-thumbnail","hentry","category-columna","category-minuto-a-minuto","category-zona-critica","tag-opinion-zona-critica"],"jetpack_featured_media_url":"https:\/\/zonaroja.com.mx\/wp-content\/uploads\/2024\/04\/Opinion-Zona-Roja-Ismael-Garcia.jpg","jetpack_sharing_enabled":true,"_links":{"self":[{"href":"https:\/\/zonaroja.com.mx\/index.php?rest_route=\/wp\/v2\/posts\/71084","targetHints":{"allow":["GET"]}}],"collection":[{"href":"https:\/\/zonaroja.com.mx\/index.php?rest_route=\/wp\/v2\/posts"}],"about":[{"href":"https:\/\/zonaroja.com.mx\/index.php?rest_route=\/wp\/v2\/types\/post"}],"author":[{"embeddable":true,"href":"https:\/\/zonaroja.com.mx\/index.php?rest_route=\/wp\/v2\/users\/2"}],"replies":[{"embeddable":true,"href":"https:\/\/zonaroja.com.mx\/index.php?rest_route=%2Fwp%2Fv2%2Fcomments&post=71084"}],"version-history":[{"count":1,"href":"https:\/\/zonaroja.com.mx\/index.php?rest_route=\/wp\/v2\/posts\/71084\/revisions"}],"predecessor-version":[{"id":71085,"href":"https:\/\/zonaroja.com.mx\/index.php?rest_route=\/wp\/v2\/posts\/71084\/revisions\/71085"}],"wp:featuredmedia":[{"embeddable":true,"href":"https:\/\/zonaroja.com.mx\/index.php?rest_route=\/wp\/v2\/media\/67764"}],"wp:attachment":[{"href":"https:\/\/zonaroja.com.mx\/index.php?rest_route=%2Fwp%2Fv2%2Fmedia&parent=71084"}],"wp:term":[{"taxonomy":"category","embeddable":true,"href":"https:\/\/zonaroja.com.mx\/index.php?rest_route=%2Fwp%2Fv2%2Fcategories&post=71084"},{"taxonomy":"post_tag","embeddable":true,"href":"https:\/\/zonaroja.com.mx\/index.php?rest_route=%2Fwp%2Fv2%2Ftags&post=71084"}],"curies":[{"name":"wp","href":"https:\/\/api.w.org\/{rel}","templated":true}]}}