{"id":71089,"date":"2024-08-05T00:29:00","date_gmt":"2024-08-05T06:29:00","guid":{"rendered":"https:\/\/zonaroja.com.mx\/?p=71089"},"modified":"2024-08-05T08:30:32","modified_gmt":"2024-08-05T14:30:32","slug":"colectivo-501-oaxaca-celebra-cuatro-anos-de-trabajo-a-favor-de-las-mujeres","status":"publish","type":"post","link":"https:\/\/zonaroja.com.mx\/?p=71089","title":{"rendered":"Colectivo 50+1 Oaxaca celebra cuatro a\u00f1os de trabajo a favor de las mujeres"},"content":{"rendered":"\n<p>Redacci\u00f3n\/Zona Roja.<\/p>\n\n\n\n<p>Oaxaca de Ju\u00e1rez, Oax., a 5 de agosto de 2024.- Al celebrar cuatro a\u00f1os de trabajo comprometidas con las causas feministas, integrantes del colectivo 50+1 Oaxaca conmemoraron un aniversario m\u00e1s a trav\u00e9s de una subasta cuyos fondos recolectados ser\u00e1n destinados al Fondo Guadalupe Musalem. &nbsp;<\/p>\n\n\n\n<p>Durante el acto, la presidenta del Colectivo 50+1 Oaxaca, Mariana Ben\u00edtez Tiburcio, dijo que desde su fundaci\u00f3n hasta ahora sigue vigente la convicci\u00f3n por trabajar por las nuevas generaciones, principalmente de las j\u00f3venes y mujeres con m\u00e1s desventajas.<\/p>\n\n\n\n<p>\u00abPor ello, hemos impulsado la recaudaci\u00f3n de apoyos para destinarlos al Fondo Guadalupe Musalem. Las artes nos han unido en reflexi\u00f3n y debate, y cada una de ustedes ha hecho brillar a nuestro colectivo\u201d, indic\u00f3.<\/p>\n\n\n\n<p>En este contexto, la diputada Mariana Ben\u00edtez resalt\u00f3 la labor realizada de sus integrantes durante 2024, entre las que se destaca el trabajo emprendido de la mano de la Fundaci\u00f3n del C\u00e1ncer de Mama ( FUCAM), para que m\u00e1s mujeres a accedan a un diagn\u00f3stico oportuno de c\u00e1ncer de mama, as\u00ed como tambi\u00e9n tareas de reacci\u00f3n ante desastres naturales.&nbsp;<\/p>\n\n\n\n<p>\u00abEste colectivo ha sido una red de apoyo de mujeres que nos hemos articulado y organizado para sacar adelante misiones y aportaciones para ni\u00f1as talento en el \u00e1rea de matem\u00e1ticas y j\u00f3venes estudiantes ind\u00edgenas; es una red de acompa\u00f1amiento muy fuerte\u201d, destac\u00f3.&nbsp;<\/p>\n\n\n\n<p>En ese sentido, la presidenta de este colectivo resalt\u00f3 que la convicci\u00f3n de trabajar por los derechos de las mujeres las ha llevado a unir sus voces para analizar, conversar e impulsar los temas de la agenda feminista pendiente.<\/p>\n\n\n\n<p>\u201cEl prop\u00f3sito de este colectivo es muy grande y &nbsp;es sumar m\u00e1s esfuerzos de mujeres de la sociedad civil organizada y profesionistas que quieran ser agentes de cambio para lograr la igualdad\u201d, destac\u00f3.&nbsp;<\/p>\n\n\n\n<p>Cabe destacar que el Colectivo 50+1 est\u00e1 formado a nivel nacional por m\u00e1s de 5 mil &nbsp;mujeres l\u00edderes, las cuales son una gama de acci\u00f3n y una red que se pronuncia por poner en el centro de la vida p\u00fablica, la agenda a favor de las mujeres y por consolidar la igualdad sustantiva.<\/p>\n\n\n\n<p>En esta actividad, tambi\u00e9n estuvo presente la presidenta del Consejo Directivo del Fondo Guadalupe Musalem, Gayne Rodr\u00edguez Guzm\u00e1n; la exsenadora, Diva Gast\u00e9lum en representaci\u00f3n de la directiva nacional del colectivo 50+1; as\u00ed como la vicepresidenta del colectivo 50+1 Oaxaca, &nbsp;Ana V\u00e1squez Colmenares.<\/p>\n\n\n\n<p>De igual manera, participaron destacadas integrantes de este colectivo como Margarita Dalton, Gabriela Fern\u00e1ndez del Campo, juzgadoras federales y locales, servidoras p\u00fablicas, empresarias, rectoras , dise\u00f1adoras, pintoras y destacadas oaxaque\u00f1as del \u00e1mbito cultural, social y empresarial.<\/p>\n","protected":false},"excerpt":{"rendered":"<p>Redacci\u00f3n\/Zona Roja. Oaxaca de Ju\u00e1rez, Oax., a 5 de agosto de 2024.- Al celebrar cuatro&hellip;<\/p>\n","protected":false},"author":2,"featured_media":71090,"comment_status":"closed","ping_status":"open","sticky":false,"template":"","format":"standard","meta":{"_lmt_disableupdate":"","_lmt_disable":"","_jetpack_memberships_contains_paid_content":false,"footnotes":""},"categories":[109,46],"tags":[2969],"class_list":["post-71089","post","type-post","status-publish","format-standard","has-post-thumbnail","hentry","category-minuto-a-minuto","category-zona-blanca","tag-mariana-benitez-tiburcio"],"jetpack_featured_media_url":"https:\/\/zonaroja.com.mx\/wp-content\/uploads\/2024\/08\/Mariana-Benitez-50-mas-uno.jpeg","jetpack_sharing_enabled":true,"_links":{"self":[{"href":"https:\/\/zonaroja.com.mx\/index.php?rest_route=\/wp\/v2\/posts\/71089","targetHints":{"allow":["GET"]}}],"collection":[{"href":"https:\/\/zonaroja.com.mx\/index.php?rest_route=\/wp\/v2\/posts"}],"about":[{"href":"https:\/\/zonaroja.com.mx\/index.php?rest_route=\/wp\/v2\/types\/post"}],"author":[{"embeddable":true,"href":"https:\/\/zonaroja.com.mx\/index.php?rest_route=\/wp\/v2\/users\/2"}],"replies":[{"embeddable":true,"href":"https:\/\/zonaroja.com.mx\/index.php?rest_route=%2Fwp%2Fv2%2Fcomments&post=71089"}],"version-history":[{"count":1,"href":"https:\/\/zonaroja.com.mx\/index.php?rest_route=\/wp\/v2\/posts\/71089\/revisions"}],"predecessor-version":[{"id":71091,"href":"https:\/\/zonaroja.com.mx\/index.php?rest_route=\/wp\/v2\/posts\/71089\/revisions\/71091"}],"wp:featuredmedia":[{"embeddable":true,"href":"https:\/\/zonaroja.com.mx\/index.php?rest_route=\/wp\/v2\/media\/71090"}],"wp:attachment":[{"href":"https:\/\/zonaroja.com.mx\/index.php?rest_route=%2Fwp%2Fv2%2Fmedia&parent=71089"}],"wp:term":[{"taxonomy":"category","embeddable":true,"href":"https:\/\/zonaroja.com.mx\/index.php?rest_route=%2Fwp%2Fv2%2Fcategories&post=71089"},{"taxonomy":"post_tag","embeddable":true,"href":"https:\/\/zonaroja.com.mx\/index.php?rest_route=%2Fwp%2Fv2%2Ftags&post=71089"}],"curies":[{"name":"wp","href":"https:\/\/api.w.org\/{rel}","templated":true}]}}