{"id":71096,"date":"2024-08-05T12:47:05","date_gmt":"2024-08-05T18:47:05","guid":{"rendered":"https:\/\/zonaroja.com.mx\/?p=71096"},"modified":"2024-08-05T12:47:05","modified_gmt":"2024-08-05T18:47:05","slug":"fallecen-en-accidente-presidenta-electa-de-oaxaca-y-otra-persona","status":"publish","type":"post","link":"https:\/\/zonaroja.com.mx\/?p=71096","title":{"rendered":"Fallecen en accidente presidenta electa de Oaxaca y otra persona&nbsp;"},"content":{"rendered":"\n<p>Redacci\u00f3n\/Zona Roja.&nbsp;<\/p>\n\n\n\n<p class=\"MsoNormal\">Oaxaca de Ju\u00e1rez, Oax., a 5 agosto de 2024.- La&nbsp;presidenta municipal electa de Zapotitl\u00e1n Lagunas, Oaxaca, Rosalba Juana Villegas Herrera, as\u00ed como su colaborador Juan Carlos Villegas Ortiz, murieron a causa de un accidente vehicular, en que adem\u00e1s result\u00f3 lesionada una mujer.&nbsp;<\/p>\n\n\n\n<p class=\"MsoNormal\">La Fiscal\u00eda General del Estado de Oaxaca (FGEO) confirm\u00f3 el hecho y expuso que realiza las labores periciales y de investigaci\u00f3n, derivado del percance en el que un veh\u00edculo de motor sufri\u00f3 una volcadura cuando circulaba por el tramo carretero que comunica a las comunidades de Guadalupe del Recreo y Zapotitl\u00e1n Lagunas, en la regi\u00f3n de la Mixteca.<\/p>\n\n\n\n<p class=\"MsoNormal\">A trav\u00e9s de sus redes sociales, el gobernador Salom\u00f3n Jara Cruz expres\u00f3 sus condolencias y ofreci\u00f3 el respaldo de su gobierno tanto a los familiares de las dos v\u00edctimas fatales como de la lesionada.&nbsp;<\/p>\n\n\n\n<p class=\"MsoNormal\">&nbsp;El organismo que preside Bernardo Rodr\u00edguez Alamilla inform\u00f3 que, el 4 de agosto de 2024 recibi\u00f3 una denuncia por la no localizaci\u00f3n de la presidenta electa de Zapotitl\u00e1n Lagunas, Rosalba Juana Villegas Herrera, as\u00ed como de otras dos personas que la acompa\u00f1aban, quienes fueron vistos por \u00faltima vez la noche del 3 de agosto de 2024, cuando viajaban a bordo de una camioneta en inmediaciones de Mariscala de Ju\u00e1rez.&nbsp;<\/p>\n\n\n\n<p class=\"MsoNormal\">\u201cDespu\u00e9s de recibir la denuncia, la FGEO&nbsp; -a trav\u00e9s de la Vicefiscal\u00eda Regional de la Mixteca- de forma inmediata inici\u00f3 un operativo de b\u00fasqueda y localizaci\u00f3n, junto con la Polic\u00eda Estatal y Guardia Nacional, as\u00ed como pobladores de la comunidad de Zapotitl\u00e1n Lagunas.<\/p>\n\n\n\n<p class=\"MsoNormal\">\u201cDurante el operativo recorrieron los municipios y agencias de Mariscala de Ju\u00e1rez, San Juan Cieneguilla, Tacache de Mina, San Nicol\u00e1s Hidalgo, Guadalupe Ram\u00edrez Tamazola, San Luis Morelia, San Juan Ihualtepec, San Miguel Ahuehuetitl\u00e1n, San Sebasti\u00e1n Zochiapam, Guadalupe del Recreo y Zapotitl\u00e1n Lagunas\u201d, expuso en un comunicado.&nbsp;<\/p>\n\n\n\n<p class=\"MsoNormal\">Indic\u00f3 que como resultado de los operativos de b\u00fasqueda y localizaci\u00f3n, se confirm\u00f3 que, durante la ma\u00f1ana de este 5 de agosto, se ubic\u00f3 la camioneta en la que se trasladaban las v\u00edctimas, la cual estaba volcada en el tramo que se encuentra entre las comunidades de Guadalupe del Recreo y Zapotitl\u00e1n Lagunas; el saldo preliminar es de dos personas fallecidas y una m\u00e1s sobrevivi\u00f3 aunque result\u00f3 lesionada; se estableci\u00f3 que, entre las personas fallecidas encuentra la presidenta electa de Zapotitl\u00e1n Lagunas, Rosalba Juana Villegas Herrera.&nbsp;<\/p>\n\n\n\n<p class=\"MsoNormal\">La Fiscal\u00eda agreg\u00f3 que de forma inmediata el equipo multidisciplinario desplegado la FGEO inici\u00f3 los actos de investigaci\u00f3n correspondientes, mientras que la persona que result\u00f3 lesionada fue trasladada a Tlapa Guerrero para recibir atenci\u00f3n m\u00e9dica.<\/p>\n\n\n\n<p class=\"MsoNormal\">\u201cLa Fiscal\u00eda de Oaxaca como resultado de las indagatorias iniciales defini\u00f3 las l\u00edneas de investigaci\u00f3n en torno al caso, entre las cuales se sugiere que se trat\u00f3 de un accidente, sin embargo, realizar\u00e1 todos los estudios periciales y las investigaciones correspondientes que permitan esclarecer la mec\u00e1nica de los hechos y brindar certeza cient\u00edfica sobre lo ocurrido para deslindar responsabilidades contra quien o quienes resulten responsables\u201d, a\u00f1adi\u00f3.&nbsp;<\/p>\n","protected":false},"excerpt":{"rendered":"<p>Redacci\u00f3n\/Zona Roja.&nbsp; Oaxaca de Ju\u00e1rez, Oax., a 5 agosto de 2024.- La&nbsp;presidenta municipal electa de&hellip;<\/p>\n","protected":false},"author":2,"featured_media":71095,"comment_status":"closed","ping_status":"open","sticky":false,"template":"","format":"standard","meta":{"_lmt_disableupdate":"","_lmt_disable":"","_jetpack_memberships_contains_paid_content":false,"footnotes":""},"categories":[109,47],"tags":[],"class_list":["post-71096","post","type-post","status-publish","format-standard","has-post-thumbnail","hentry","category-minuto-a-minuto","category-zona-gris"],"jetpack_featured_media_url":"https:\/\/zonaroja.com.mx\/wp-content\/uploads\/2024\/08\/d72f169d-177b-43e6-a3fe-dc945998b2ea-1.jpg","jetpack_sharing_enabled":true,"_links":{"self":[{"href":"https:\/\/zonaroja.com.mx\/index.php?rest_route=\/wp\/v2\/posts\/71096","targetHints":{"allow":["GET"]}}],"collection":[{"href":"https:\/\/zonaroja.com.mx\/index.php?rest_route=\/wp\/v2\/posts"}],"about":[{"href":"https:\/\/zonaroja.com.mx\/index.php?rest_route=\/wp\/v2\/types\/post"}],"author":[{"embeddable":true,"href":"https:\/\/zonaroja.com.mx\/index.php?rest_route=\/wp\/v2\/users\/2"}],"replies":[{"embeddable":true,"href":"https:\/\/zonaroja.com.mx\/index.php?rest_route=%2Fwp%2Fv2%2Fcomments&post=71096"}],"version-history":[{"count":1,"href":"https:\/\/zonaroja.com.mx\/index.php?rest_route=\/wp\/v2\/posts\/71096\/revisions"}],"predecessor-version":[{"id":71097,"href":"https:\/\/zonaroja.com.mx\/index.php?rest_route=\/wp\/v2\/posts\/71096\/revisions\/71097"}],"wp:featuredmedia":[{"embeddable":true,"href":"https:\/\/zonaroja.com.mx\/index.php?rest_route=\/wp\/v2\/media\/71095"}],"wp:attachment":[{"href":"https:\/\/zonaroja.com.mx\/index.php?rest_route=%2Fwp%2Fv2%2Fmedia&parent=71096"}],"wp:term":[{"taxonomy":"category","embeddable":true,"href":"https:\/\/zonaroja.com.mx\/index.php?rest_route=%2Fwp%2Fv2%2Fcategories&post=71096"},{"taxonomy":"post_tag","embeddable":true,"href":"https:\/\/zonaroja.com.mx\/index.php?rest_route=%2Fwp%2Fv2%2Ftags&post=71096"}],"curies":[{"name":"wp","href":"https:\/\/api.w.org\/{rel}","templated":true}]}}