{"id":71098,"date":"2024-08-05T18:22:21","date_gmt":"2024-08-06T00:22:21","guid":{"rendered":"https:\/\/zonaroja.com.mx\/?p=71098"},"modified":"2024-08-05T18:22:23","modified_gmt":"2024-08-06T00:22:23","slug":"revisa-profeco-quejas-contra-gasolineria-de-oaxaca","status":"publish","type":"post","link":"https:\/\/zonaroja.com.mx\/?p=71098","title":{"rendered":"Revisa Profeco quejas contra gasoliner\u00eda de Oaxaca"},"content":{"rendered":"\n<p>Raymundo Morales\/Zona Roja.<\/p>\n\n\n\n<p>Oaxaca de Ju\u00e1rez, Oax., a 5 de agosto de 2024.- Tras una serie de denuncia por parte de usuarios y protestas de mototaxistas, la gasolinera Brenamiel deber\u00e1 suspender de manera preventiva la distribuci\u00f3n de gasolina tipo Premium.<\/p>\n\n\n\n<p>Desde la semana pasada se han presentado diversas quejas en contra de esa estaci\u00f3n de servicios, ubicada a un costado de la carretera Internacional 190, colonia Jardines de la Primavera, San Jacinto Amilpas, colindancia con la ciudad de Oaxaca, debido a que causa fallas a las unidades de motor.<\/p>\n\n\n\n<p>Este lunes, la Procuradur\u00eda Federal del Consumidor dio a conocer que luego de diversas quejas, se formaliz\u00f3 la denuncia para pr\u00f3xima visita de verificaci\u00f3n, la cual se atender\u00e1 al \u00e1mbito de la competencia propia, que es la revisi\u00f3n de que el despacho sea completo.&nbsp;<\/p>\n\n\n\n<p>Indic\u00f3 que para ello, se pidi\u00f3 a gasolinera que suspenda la venta de gasolina Premium, hasta que se conozca el resultado del estudio de laboratorio Pemex.&nbsp;<\/p>\n\n\n\n<p>Se prev\u00e9 que derivado de las gestiones que realiza la empresa y del resultado de estudios, le d\u00e9 atenci\u00f3n a sus consumidores afectados, de otro modo la Profeco recibir\u00e1 las quejas formalmente.<\/p>\n\n\n\n<p>Aunado a ello, recomend\u00f3 a los afectados realicen la denuncia ante la Comisi\u00f3n Reguladora de Energ\u00eda (CRE), que es la responsable de vigilar la calidad del combustible. &nbsp;<\/p>\n\n\n\n<p>La semana pasada, incluso un grupo de mototaxistas de la zona de Santa Rosa Panzacola, se apoder\u00f3 de las instalaciones de la gasoliner\u00eda, para exigir reparaci\u00f3n de da\u00f1o por las supuestas afectaciones a sus unidades.<\/p>\n","protected":false},"excerpt":{"rendered":"<p>Raymundo Morales\/Zona Roja. Oaxaca de Ju\u00e1rez, Oax., a 5 de agosto de 2024.- Tras una&hellip;<\/p>\n","protected":false},"author":2,"featured_media":71099,"comment_status":"closed","ping_status":"open","sticky":false,"template":"","format":"standard","meta":{"_lmt_disableupdate":"","_lmt_disable":"","_jetpack_memberships_contains_paid_content":false,"footnotes":""},"categories":[109,47],"tags":[788],"class_list":["post-71098","post","type-post","status-publish","format-standard","has-post-thumbnail","hentry","category-minuto-a-minuto","category-zona-gris","tag-profeco-oaxaca"],"jetpack_featured_media_url":"https:\/\/zonaroja.com.mx\/wp-content\/uploads\/2024\/08\/Gasolinera-Brenamiel.jpg","jetpack_sharing_enabled":true,"_links":{"self":[{"href":"https:\/\/zonaroja.com.mx\/index.php?rest_route=\/wp\/v2\/posts\/71098","targetHints":{"allow":["GET"]}}],"collection":[{"href":"https:\/\/zonaroja.com.mx\/index.php?rest_route=\/wp\/v2\/posts"}],"about":[{"href":"https:\/\/zonaroja.com.mx\/index.php?rest_route=\/wp\/v2\/types\/post"}],"author":[{"embeddable":true,"href":"https:\/\/zonaroja.com.mx\/index.php?rest_route=\/wp\/v2\/users\/2"}],"replies":[{"embeddable":true,"href":"https:\/\/zonaroja.com.mx\/index.php?rest_route=%2Fwp%2Fv2%2Fcomments&post=71098"}],"version-history":[{"count":1,"href":"https:\/\/zonaroja.com.mx\/index.php?rest_route=\/wp\/v2\/posts\/71098\/revisions"}],"predecessor-version":[{"id":71100,"href":"https:\/\/zonaroja.com.mx\/index.php?rest_route=\/wp\/v2\/posts\/71098\/revisions\/71100"}],"wp:featuredmedia":[{"embeddable":true,"href":"https:\/\/zonaroja.com.mx\/index.php?rest_route=\/wp\/v2\/media\/71099"}],"wp:attachment":[{"href":"https:\/\/zonaroja.com.mx\/index.php?rest_route=%2Fwp%2Fv2%2Fmedia&parent=71098"}],"wp:term":[{"taxonomy":"category","embeddable":true,"href":"https:\/\/zonaroja.com.mx\/index.php?rest_route=%2Fwp%2Fv2%2Fcategories&post=71098"},{"taxonomy":"post_tag","embeddable":true,"href":"https:\/\/zonaroja.com.mx\/index.php?rest_route=%2Fwp%2Fv2%2Ftags&post=71098"}],"curies":[{"name":"wp","href":"https:\/\/api.w.org\/{rel}","templated":true}]}}