{"id":71101,"date":"2024-08-05T19:59:31","date_gmt":"2024-08-06T01:59:31","guid":{"rendered":"https:\/\/zonaroja.com.mx\/?p=71101"},"modified":"2024-08-05T19:59:32","modified_gmt":"2024-08-06T01:59:32","slug":"tres-lustros-de-conflicto-agrario-deja-28-muertos-en-san-juan-mixtepec","status":"publish","type":"post","link":"https:\/\/zonaroja.com.mx\/?p=71101","title":{"rendered":"Tres lustros de conflicto agrario deja 28 muertos en San Juan Mixtepec"},"content":{"rendered":"\n<p>Ismael Garc\u00eda M.\/Zona Roja.<\/p>\n\n\n\n<p>Oaxaca de Ju\u00e1rez, Oax., a 5 de agosto de 2024.- Alrededor de 14 a\u00f1os de conflicto con Santo Domingo Yoso\u00f1ama ha dejado a San Juan Mixtepec un saldo de 28 personas asesinadas, varias de ellas calcinadas, as\u00ed como decenas de veh\u00edculos y viviendas quemadas.<\/p>\n\n\n\n<p>As\u00ed lo revelaron hoy autoridades municipales y agrarias de Mixtepec, en conferencia de prensa en la ciudad de Oaxaca, donde se deslindaron de ser los autores de los recientes ataques a Yoso\u00f1ama.<\/p>\n\n\n\n<p>Asimismo, recriminaron que el titular de la Secretar\u00eda de Gobierno, Jes\u00fas Romero L\u00f3pez, los haya acusado sin fundamentos de perpetrar las agresiones, con afectaciones a un sistema de agua potable y uno de energ\u00eda fotovoltaica.<\/p>\n\n\n\n<p>Seg\u00fan dieron a conocer, Mixtepec tiene su t\u00edtulo primordial de tierras desde el a\u00f1o 1595 y en 1945 se elabor\u00f3 la primera acta de conformidad entre ambas partes.<\/p>\n\n\n\n<p>En 1967 Mixtepec obtuvo su resoluci\u00f3n presidencial y en el a\u00f1o de 1996 al a\u00f1o 2006, gan\u00f3 un juicio de demanda por problemas de l\u00edmites, que comprenden mil 740 hect\u00e1reas, misma que fue ejecutada en el a\u00f1o 2008.<\/p>\n\n\n\n<p>Fue en el a\u00f1o 2011 en que el Tribunal Unitario Agrario de Distrito n\u00famero 46, con sede en Huajuapan, entreg\u00f3 a San Juan Mixtepec la constancia del Registro Agrario Nacional, la sentencia, el acta de ejecuci\u00f3n de resoluci\u00f3n que prueba la ejecuci\u00f3n y el plano definitiva, que ampara que las tierras son y siguen siendo de ellos legalmente.<\/p>\n\n\n\n<p>Sin embargo, seg\u00fan dieron a conocer en conferencia, Yoso\u00f1ama se ha negado a respetar la resoluci\u00f3n y de manera constante los ha agredido, con saldo de unas 28 personas asesinadas, unos 52 veh\u00edculos incendiados, familias desplazadas y quema de bosques.<\/p>\n\n\n\n<p>Lamentaron que hasta el momento no se hayan cumplido los compromisos gubernamentales de instalar una base de operaciones mixtas, para evitar mayores agresiones y por el contrario, Jes\u00fas Romero L\u00f3pez los acuse ahora de ser los agresores.<\/p>\n\n\n\n<p>\u201cLas declaraciones del secretario de Gobierno violan el principio de presunci\u00f3n de inocencia, al acusar a las autoridades municipales y agrarias, lo que pone en riesgo nuestra integridad f\u00edsica\u201d, destac\u00f3 el presidente municipal Bernardo Ram\u00edrez Bautista.<\/p>\n\n\n\n<p>Por ello, demandaron una audiencia de manera directa con el gobernador Salom\u00f3n Jara Cruz, para que intervenga de manera directa y cesen de una vez por todas las agresiones.<\/p>\n\n\n\n<p>Tras la conferencia de prensa, las autoridades municipales acudieron al Palacio de Gobierno para hacer entrega de un documento y pedir una audiencia con el mandatario estatal.<\/p>\n\n\n\n<figure class=\"wp-block-embed is-type-rich is-provider-twitter wp-block-embed-twitter\"><div class=\"wp-block-embed__wrapper\">\n<div class=\"twitter-tweet\"><blockquote class=\"twitter-tweet\" data-lang=\"es\"><p lang=\"es\" dir=\"ltr\">Este lunes desde la capital de <a href=\"https:\/\/twitter.com\/hashtag\/Oaxaca?src=hash&amp;ref_src=twsrc%5Etfw\">#Oaxaca<\/a> las autoridades municipales y agrarias de San Juan Mixtepec reiteraron su rechazo a la violencia en la zona colindante con Santo Domingo Yoso\u00f1ama. <br><br>Asimismo, lamentaron las acusaciones del secretario de Gobierno, <a href=\"https:\/\/twitter.com\/jesusromerooax?ref_src=twsrc%5Etfw\">@jesusromerooax<\/a>, quien\u2026 <a href=\"https:\/\/t.co\/Fn6yd57y0r\">pic.twitter.com\/Fn6yd57y0r<\/a><\/p>&mdash; Zona Roja Oaxaca (@ZonaRoja_Oaxaca) <a href=\"https:\/\/twitter.com\/ZonaRoja_Oaxaca\/status\/1820563990193598481?ref_src=twsrc%5Etfw\">5 de agosto de 2024<\/a><\/blockquote><\/div>\n<\/div><\/figure>\n","protected":false},"excerpt":{"rendered":"<p>Ismael Garc\u00eda M.\/Zona Roja. Oaxaca de Ju\u00e1rez, Oax., a 5 de agosto de 2024.- Alrededor&hellip;<\/p>\n","protected":false},"author":2,"featured_media":71102,"comment_status":"closed","ping_status":"open","sticky":false,"template":"","format":"standard","meta":{"_lmt_disableupdate":"","_lmt_disable":"","_jetpack_memberships_contains_paid_content":false,"footnotes":""},"categories":[109,47],"tags":[1768],"class_list":["post-71101","post","type-post","status-publish","format-standard","has-post-thumbnail","hentry","category-minuto-a-minuto","category-zona-gris","tag-san-juan-mixtepec"],"jetpack_featured_media_url":"https:\/\/zonaroja.com.mx\/wp-content\/uploads\/2024\/08\/Autoridades-de-San-Juan-Mixtepec.jpg","jetpack_sharing_enabled":true,"_links":{"self":[{"href":"https:\/\/zonaroja.com.mx\/index.php?rest_route=\/wp\/v2\/posts\/71101","targetHints":{"allow":["GET"]}}],"collection":[{"href":"https:\/\/zonaroja.com.mx\/index.php?rest_route=\/wp\/v2\/posts"}],"about":[{"href":"https:\/\/zonaroja.com.mx\/index.php?rest_route=\/wp\/v2\/types\/post"}],"author":[{"embeddable":true,"href":"https:\/\/zonaroja.com.mx\/index.php?rest_route=\/wp\/v2\/users\/2"}],"replies":[{"embeddable":true,"href":"https:\/\/zonaroja.com.mx\/index.php?rest_route=%2Fwp%2Fv2%2Fcomments&post=71101"}],"version-history":[{"count":1,"href":"https:\/\/zonaroja.com.mx\/index.php?rest_route=\/wp\/v2\/posts\/71101\/revisions"}],"predecessor-version":[{"id":71103,"href":"https:\/\/zonaroja.com.mx\/index.php?rest_route=\/wp\/v2\/posts\/71101\/revisions\/71103"}],"wp:featuredmedia":[{"embeddable":true,"href":"https:\/\/zonaroja.com.mx\/index.php?rest_route=\/wp\/v2\/media\/71102"}],"wp:attachment":[{"href":"https:\/\/zonaroja.com.mx\/index.php?rest_route=%2Fwp%2Fv2%2Fmedia&parent=71101"}],"wp:term":[{"taxonomy":"category","embeddable":true,"href":"https:\/\/zonaroja.com.mx\/index.php?rest_route=%2Fwp%2Fv2%2Fcategories&post=71101"},{"taxonomy":"post_tag","embeddable":true,"href":"https:\/\/zonaroja.com.mx\/index.php?rest_route=%2Fwp%2Fv2%2Ftags&post=71101"}],"curies":[{"name":"wp","href":"https:\/\/api.w.org\/{rel}","templated":true}]}}