{"id":71109,"date":"2024-08-06T08:14:00","date_gmt":"2024-08-06T14:14:00","guid":{"rendered":"https:\/\/zonaroja.com.mx\/?p=71109"},"modified":"2024-08-06T07:31:24","modified_gmt":"2024-08-06T13:31:24","slug":"dan-25-anos-de-prision-a-secuestrador-de-ex-funcionario-de-salud","status":"publish","type":"post","link":"https:\/\/zonaroja.com.mx\/?p=71109","title":{"rendered":"Dan 25 a\u00f1os de prisi\u00f3n a secuestrador de ex funcionario de Salud"},"content":{"rendered":"\n<p>Redacci\u00f3n\/Zona Roja.&nbsp;<\/p>\n\n\n\n<p>Oaxaca de Ju\u00e1rez, Oax., a 6 de agosto de 2024.- Una sentencia de 25 a\u00f1os de prisi\u00f3n logr\u00f3 la Fiscal\u00eda General del Estado, en contra de Felipe J. M. P., alias \u201cRichi\u201d o \u201cC\u00e1rnico\u201d, por el delito de desaparici\u00f3n forzada de David Concha Su\u00e1rez, quien en ese momento era funcionario de los Servicios de Salud de Oaxaca.<\/p>\n\n\n\n<p>La v\u00edctima fung\u00eda como director de Administraci\u00f3n de la citada dependencia cuando fue privado de la libertad el 9 de mayo de 2021, en el momento en que se encontraba en un domicilio ubicado en el paraje \u201cR\u00edo Rancho\u201d del barrio de San Juan del municipio de Zimatl\u00e1n de \u00c1lvarez.<\/p>\n\n\n\n<p>La investigaci\u00f3n revela que, el responsable Felipe. J.M.P., alias \u00abRichi\u00bb o \u00abC\u00e1rnico\u00bb, en complicidad con otras personas, se llevaron a la v\u00edctima junto con su veh\u00edculo de motor, unidad que despu\u00e9s fue abandonada en un poblado perteneciente al n\u00facleo rural La Guadalupe en el municipio de la Trinidad Zaachila, sin que hubiera rastros del paradero de la v\u00edctima.<\/p>\n\n\n\n<p>Derivado de la denuncia penal, la Fiscal\u00eda de Oaxaca tom\u00f3 conocimiento del caso e inici\u00f3 las investigaciones correspondientes a trav\u00e9s de la Unidad Especializada de Desaparici\u00f3n Forzada, perteneciente a la Vicefiscal\u00eda General de Atenci\u00f3n a V\u00edctimas y a la Sociedad, logrando obtener una orden de aprehensi\u00f3n al respecto.<\/p>\n\n\n\n<p>Una vez valoradas las pruebas presentadas por la Fiscal\u00eda, el juez que atiende la causa en audiencia de juicio, dict\u00f3 sentencia condenatoria de 25 a\u00f1os de prisi\u00f3n en contra de Felipe. J.M.P., alias \u00abRichi\u00bb o \u00abC\u00e1rnico\u00bb, por su responsabilidad en la comisi\u00f3n del delito de Desaparici\u00f3n Cometida por Particulares, adem\u00e1s que orden\u00f3 el pago econ\u00f3mico por concepto de reparaci\u00f3n del da\u00f1o en abstracto.<\/p>\n\n\n\n<p>\u201cLa Fiscal\u00eda General de Oaxaca refrenda su compromiso de seguir trabajando para dar resultados inmediatos y no dejar en la impunidad hechos que vulneren o atenten contra las v\u00edctimas directas e indirectas, sobre todo en delitos como desaparici\u00f3n de personas que lesionan el tejido social de la entidad\u201d, indic\u00f3 en su comunicado.<\/p>\n","protected":false},"excerpt":{"rendered":"<p>Redacci\u00f3n\/Zona Roja.&nbsp; Oaxaca de Ju\u00e1rez, Oax., a 6 de agosto de 2024.- Una sentencia de&hellip;<\/p>\n","protected":false},"author":2,"featured_media":71110,"comment_status":"closed","ping_status":"open","sticky":false,"template":"","format":"standard","meta":{"_lmt_disableupdate":"","_lmt_disable":"","_jetpack_memberships_contains_paid_content":false,"footnotes":""},"categories":[109,46],"tags":[494],"class_list":["post-71109","post","type-post","status-publish","format-standard","has-post-thumbnail","hentry","category-minuto-a-minuto","category-zona-blanca","tag-fiscalia-general-del-estado-de-oaxaca"],"jetpack_featured_media_url":"https:\/\/zonaroja.com.mx\/wp-content\/uploads\/2024\/08\/Detenido-Fiscalia-secuestro.jpg","jetpack_sharing_enabled":true,"_links":{"self":[{"href":"https:\/\/zonaroja.com.mx\/index.php?rest_route=\/wp\/v2\/posts\/71109","targetHints":{"allow":["GET"]}}],"collection":[{"href":"https:\/\/zonaroja.com.mx\/index.php?rest_route=\/wp\/v2\/posts"}],"about":[{"href":"https:\/\/zonaroja.com.mx\/index.php?rest_route=\/wp\/v2\/types\/post"}],"author":[{"embeddable":true,"href":"https:\/\/zonaroja.com.mx\/index.php?rest_route=\/wp\/v2\/users\/2"}],"replies":[{"embeddable":true,"href":"https:\/\/zonaroja.com.mx\/index.php?rest_route=%2Fwp%2Fv2%2Fcomments&post=71109"}],"version-history":[{"count":1,"href":"https:\/\/zonaroja.com.mx\/index.php?rest_route=\/wp\/v2\/posts\/71109\/revisions"}],"predecessor-version":[{"id":71111,"href":"https:\/\/zonaroja.com.mx\/index.php?rest_route=\/wp\/v2\/posts\/71109\/revisions\/71111"}],"wp:featuredmedia":[{"embeddable":true,"href":"https:\/\/zonaroja.com.mx\/index.php?rest_route=\/wp\/v2\/media\/71110"}],"wp:attachment":[{"href":"https:\/\/zonaroja.com.mx\/index.php?rest_route=%2Fwp%2Fv2%2Fmedia&parent=71109"}],"wp:term":[{"taxonomy":"category","embeddable":true,"href":"https:\/\/zonaroja.com.mx\/index.php?rest_route=%2Fwp%2Fv2%2Fcategories&post=71109"},{"taxonomy":"post_tag","embeddable":true,"href":"https:\/\/zonaroja.com.mx\/index.php?rest_route=%2Fwp%2Fv2%2Ftags&post=71109"}],"curies":[{"name":"wp","href":"https:\/\/api.w.org\/{rel}","templated":true}]}}