{"id":71112,"date":"2024-08-06T09:32:00","date_gmt":"2024-08-06T15:32:00","guid":{"rendered":"https:\/\/zonaroja.com.mx\/?p=71112"},"modified":"2024-08-06T07:35:08","modified_gmt":"2024-08-06T13:35:08","slug":"la-scjn-invalida-preceptos-que-afectaban-a-comunidades-indigenas-y-afromexicanas-en-oaxaca","status":"publish","type":"post","link":"https:\/\/zonaroja.com.mx\/?p=71112","title":{"rendered":"La SCJN invalida preceptos que afectaban a comunidades ind\u00edgenas y afromexicanas en Oaxaca"},"content":{"rendered":"\n<p>Redacci\u00f3n\/Zona Roja Cdmx.<\/p>\n\n\n\n<p>Ciudad de M\u00e9xico, a 6 de agosto de 2024.- El pleno de la Suprema Corte de Justicia de la Naci\u00f3n (SCJN) determin\u00f3 ayer que es inconstitucional que se proh\u00edba hacer consultas a pueblos ind\u00edgenas y afromexicanos en Oaxaca en casos de acciones emergentes de combate a epidemias, por desastres naturales y leyes fiscales.<\/p>\n\n\n\n<p>En la sesi\u00f3n, por mayor\u00eda de votos invalid\u00f3 diversas disposiciones de la Ley de Consulta Previa, Libre e Informada de los Pueblos y Comunidades Ind\u00edgenas y Afromexicanas para el estado. Entre ellas, tambi\u00e9n dej\u00f3 sin efecto los art\u00edculos 50 y 68 la porci\u00f3n que establec\u00eda que: \u201cla decisi\u00f3n de las comunidades de no otorgar su consentimiento, ser\u00e1 vinculante para la autoridad responsable\u201d.<\/p>\n\n\n\n<p>Los ministros consideraron que tal facultad daba a dichas comunidades \u201cun poder de veto\u201d sobre medidas estatales. \u201cEso no es acorde con el objetivo de establecer un di\u00e1logo de buena fe entre las partes con miras a alcanzar un consenso\u201d, explic\u00f3 el ponente Luis Mar\u00eda Aguilar.<\/p>\n\n\n\n<p>Al tomar la palabra, la ministra Yasm\u00edn Esquivel Mossa se dijo en contra de declarar la invalidez del art\u00edculo 8, el cual preve\u00eda que cuando una medida estatal implicara acciones emergentes de combate a epidemias o por desastres naturales, as\u00ed como cuando se tratara de leyes fiscales, no proceder\u00eda la consulta.<\/p>\n\n\n\n<p>\u201cConsidero que justifican descartar cualquier negociaci\u00f3n con la poblaci\u00f3n ind\u00edgena, acerca de las medidas que se requieran adoptar, las cuales, por regla general son de naturaleza urgente y de auxilio inmediato a la poblaci\u00f3n\u201d, dijo.<\/p>\n\n\n\n<p>Tambi\u00e9n estuvo en contra de anular disposiciones en el art\u00edculo 35 de dicha ley que establecen los tipos de consulta a desarrollar para lograr un acuerdo con las comunidades, ya que consider\u00f3 \u201cque resulta v\u00e1lido por proporcionar mayor seguridad jur\u00eddica que el legislador hubiera establecido una variedad de supuestos y consecuencias de los ejercicios consultivos a las poblaciones ind\u00edgenas\u201d.<\/p>\n\n\n\n<p>(Informaci\u00f3n de \u201cLa Jornada\u201d)<\/p>\n","protected":false},"excerpt":{"rendered":"<p>Redacci\u00f3n\/Zona Roja Cdmx. Ciudad de M\u00e9xico, a 6 de agosto de 2024.- El pleno de&hellip;<\/p>\n","protected":false},"author":2,"featured_media":67161,"comment_status":"closed","ping_status":"open","sticky":false,"template":"","format":"standard","meta":{"_lmt_disableupdate":"","_lmt_disable":"","_jetpack_memberships_contains_paid_content":false,"footnotes":""},"categories":[109,46],"tags":[],"class_list":["post-71112","post","type-post","status-publish","format-standard","has-post-thumbnail","hentry","category-minuto-a-minuto","category-zona-blanca"],"jetpack_featured_media_url":"https:\/\/zonaroja.com.mx\/wp-content\/uploads\/2024\/04\/Indigenas-votos-asamblea.jpeg","jetpack_sharing_enabled":true,"_links":{"self":[{"href":"https:\/\/zonaroja.com.mx\/index.php?rest_route=\/wp\/v2\/posts\/71112","targetHints":{"allow":["GET"]}}],"collection":[{"href":"https:\/\/zonaroja.com.mx\/index.php?rest_route=\/wp\/v2\/posts"}],"about":[{"href":"https:\/\/zonaroja.com.mx\/index.php?rest_route=\/wp\/v2\/types\/post"}],"author":[{"embeddable":true,"href":"https:\/\/zonaroja.com.mx\/index.php?rest_route=\/wp\/v2\/users\/2"}],"replies":[{"embeddable":true,"href":"https:\/\/zonaroja.com.mx\/index.php?rest_route=%2Fwp%2Fv2%2Fcomments&post=71112"}],"version-history":[{"count":1,"href":"https:\/\/zonaroja.com.mx\/index.php?rest_route=\/wp\/v2\/posts\/71112\/revisions"}],"predecessor-version":[{"id":71113,"href":"https:\/\/zonaroja.com.mx\/index.php?rest_route=\/wp\/v2\/posts\/71112\/revisions\/71113"}],"wp:featuredmedia":[{"embeddable":true,"href":"https:\/\/zonaroja.com.mx\/index.php?rest_route=\/wp\/v2\/media\/67161"}],"wp:attachment":[{"href":"https:\/\/zonaroja.com.mx\/index.php?rest_route=%2Fwp%2Fv2%2Fmedia&parent=71112"}],"wp:term":[{"taxonomy":"category","embeddable":true,"href":"https:\/\/zonaroja.com.mx\/index.php?rest_route=%2Fwp%2Fv2%2Fcategories&post=71112"},{"taxonomy":"post_tag","embeddable":true,"href":"https:\/\/zonaroja.com.mx\/index.php?rest_route=%2Fwp%2Fv2%2Ftags&post=71112"}],"curies":[{"name":"wp","href":"https:\/\/api.w.org\/{rel}","templated":true}]}}