{"id":71114,"date":"2024-08-06T12:35:00","date_gmt":"2024-08-06T18:35:00","guid":{"rendered":"https:\/\/zonaroja.com.mx\/?p=71114"},"modified":"2024-08-06T08:29:12","modified_gmt":"2024-08-06T14:29:12","slug":"opinion-cerrar-los-oxxo-abrir-los-oxxo","status":"publish","type":"post","link":"https:\/\/zonaroja.com.mx\/?p=71114","title":{"rendered":"Opini\u00f3n. Cerrar los Oxxo abrir los Oxxo"},"content":{"rendered":"\n<p>Isidoro Yescas&nbsp;<\/p>\n\n\n\n<p>Cerrar las tiendas&nbsp;\u201cde conveniencia\u201d&nbsp;Oxxo &nbsp;ubicadas cerca de los centros educativos de&nbsp;Oaxaca&nbsp;como lo ha propuesto el diputado&nbsp;local&nbsp;de Morena, C\u00e9sar Mateos,&nbsp;es una medida extrema e inviable legal y pol\u00edticamente, no obstante que se hace con la intenci\u00f3n &nbsp;de&nbsp;evitar&nbsp;m\u00e1s&nbsp;&nbsp;da\u00f1os a la salud &nbsp;que dichas tiendas generan por la venta de productos&nbsp;nocivos como &nbsp;alimentos procesados&nbsp;y ultraprocesados,&nbsp;tabaco, refrescos y bebidas alcoh\u00f3licas.&nbsp;<\/p>\n\n\n\n<p>Aclaremos,&nbsp;de entrada, que&nbsp;los&nbsp;establecimientos&nbsp;Oxxo no operan en los 570 municipios, como lo ha declarado el diputado Mateos, sino en las cabeceras distritales y&nbsp;aquellos&nbsp;de mayor rentabilidad econ\u00f3mica.&nbsp;<\/p>\n\n\n\n<p>Por otro lado, los problemas de obesidad, sobrepeso&nbsp;y diabetes que se han incrementado en la entidad&nbsp;( 27.7%, de acuerdo a la Encuesta Nacional de Salud y Nutrici\u00f3n del 2022)&nbsp;tienen tambi\u00e9n otras causas,&nbsp;como el hecho de que dentro de los propias escuelas de nivel b\u00e1sico se siguen vendiendo productos \u201cchatarra\u201d.&nbsp;<\/p>\n\n\n\n<p>Y&nbsp;algo similar sucede&nbsp;con &nbsp;los&nbsp;changarros que, por cierto, cada d\u00eda son menos por&nbsp;el&nbsp;mismo efecto Oxxo&nbsp;y&nbsp;el desinter\u00e9s oficial&nbsp;para prevenir este tipo de enfermedades. &nbsp;<\/p>\n\n\n\n<p>En&nbsp;un&nbsp;interesante&nbsp;estudio &nbsp;elaborado entre enero y marzo&nbsp;de&nbsp;este a\u00f1o por Jorge Vargas Meza y Abad Garc\u00eda Morales, bajo el sello editorial de El Poder del Consumidor,&nbsp;titulado \u201cRadiograf\u00eda Oxxo: productos que enferman la vida; la invasi\u00f3n de tiendas nocivas para la salud\u201d a la vuelta de la vida&nbsp;\u201c&nbsp;se da cuenta del impacto negativo que han provocado entre los consumidores del pa\u00eds este tipo de tiendas \u201cde conveniencia\u201d.&nbsp;<\/p>\n\n\n\n<p>Se trata de una investigaci\u00f3n llevada a cabo en la Ciudad de M\u00e9xico pero&nbsp;que,&nbsp;m\u00e1s all\u00e1 de las particularidades del consumidor chilango, &nbsp;podr\u00eda aplicar para todo el pa\u00eds&nbsp;en lo que hace a las estrategias de venta, el \u00e9nfasis que se hace en la publicidad&nbsp;enga\u00f1osa&nbsp;de los productos ultraprocesados, &nbsp;tabaco, refrescos y las bebidas alcoh\u00f3licas durante las &nbsp;24 horas del d\u00eda, y los problemas de salud derivados de su consumo masivo: sobrepeso, &nbsp;diabetes, obesidad, hipertensi\u00f3n, etc.&nbsp;<\/p>\n\n\n\n<p>En el&nbsp;trabajo&nbsp;de Vargas y Garc\u00eda queda claro que no son los ni\u00f1os y adolescentes los principales consumidores&nbsp;de productos chatarra de las tiendas&nbsp;Oxxo&nbsp;sino&nbsp;los varones adultos ( 45.8 por ciento) y las mujeres ( 32.1 por ciento), mientras que los ni\u00f1os, ni\u00f1as y adolescentes alcanzan un porcentaje del 21.1 por ciento.<\/p>\n\n\n\n<p>Se destaca tambi\u00e9n que el 50 por&nbsp;ciento&nbsp;de&nbsp;estas tiendas nocivas&nbsp;se ubican cerca de centros escolares.<\/p>\n\n\n\n<p>Por las dificultades y&nbsp;enredos &nbsp;pol\u00edtico-legales &nbsp;que implicar\u00eda cerrar este tipo de establecimientos, sumado al enorme poder econ\u00f3mico del grupo FEMSA, es claro&nbsp;que la v\u00eda para procurar el cuidado de la salud de oaxaque\u00f1os y oaxaque\u00f1as no es el cierre de las tiendas Oxxo, sino el impulso de otro tipo de medidas normativas y operativas en donde necesariamente debemos involucrarnos todos y todas: los tres poderes, instituciones educativas, autoridades municipales y la poblaci\u00f3n en general.&nbsp;<\/p>\n\n\n\n<p>En este sentido algo elemental es aplicar con todo rigor la Ley de los Derechos de Ni\u00f1os, Ni\u00f1as y Adolescentes que proh\u00edbe la venta de productos de alto contenido cal\u00f3rico y bebidas azucaradas a menores de edad, disposici\u00f3n mas conocida como Ley Antichatarra que fue aprobada por el Congreso local en septiembre del 2020.<\/p>\n\n\n\n<p>Proceder\u00eda tambi\u00e9n desplegar una intensa campa\u00f1a de difusi\u00f3n sobre los severos da\u00f1os que causan a la salud el consumo de este tipo de productos y, paralelamente, fomentar una cultura nutricional sana entre toda la poblaci\u00f3n, pero especialmente en los centros escolares.&nbsp;<\/p>\n\n\n\n<p>Si se toma en cuenta que este tipo de establecimientos se seguir\u00e1n abriendo a lo largo y ancho de la entidad&nbsp;( y&nbsp;del pa\u00eds)&nbsp;deber\u00eda imponerse algunas restricciones&nbsp;para que no se instalen cerca de centros escolares, o para acotar&nbsp;sus&nbsp;horarios para la venta de bebidas alcoh\u00f3licas.<\/p>\n\n\n\n<p>En fin, que para no caer en&nbsp;improvisaciones&nbsp;es recomendable empezar por aplicar las disposiciones legales en materia de salud p\u00fablica que ya existen; abrir el debate p\u00fablico en torno&nbsp;a este tema y,&nbsp;si se puede,&nbsp;auspiciar&nbsp;un estudio&nbsp;similar al que&nbsp;&nbsp;Jorge Vargas y Abad Garc\u00eda llevaron a cabo&nbsp;para as\u00ed contribuir al conocimiento y &nbsp;la toma de decisiones sobre este avasallante proceso de oxxificaci\u00f3n.<\/p>\n\n\n\n<p>*Maestro en Sociolog\u00eda.&nbsp;<\/p>\n\n\n\n<p>X: @YescasIsidoro&nbsp;&nbsp; &nbsp; &nbsp; &nbsp;&nbsp;<\/p>\n","protected":false},"excerpt":{"rendered":"<p>Isidoro Yescas&nbsp; Cerrar las tiendas&nbsp;\u201cde conveniencia\u201d&nbsp;Oxxo &nbsp;ubicadas cerca de los centros educativos de&nbsp;Oaxaca&nbsp;como lo ha&hellip;<\/p>\n","protected":false},"author":2,"featured_media":70868,"comment_status":"closed","ping_status":"open","sticky":false,"template":"","format":"standard","meta":{"_lmt_disableupdate":"","_lmt_disable":"","_jetpack_memberships_contains_paid_content":false,"footnotes":""},"categories":[456,109],"tags":[3998],"class_list":["post-71114","post","type-post","status-publish","format-standard","has-post-thumbnail","hentry","category-columna","category-minuto-a-minuto","tag-isidoro-yescas-martinez"],"jetpack_featured_media_url":"https:\/\/zonaroja.com.mx\/wp-content\/uploads\/2024\/07\/Opinion-Zona-Critica.jpg","jetpack_sharing_enabled":true,"_links":{"self":[{"href":"https:\/\/zonaroja.com.mx\/index.php?rest_route=\/wp\/v2\/posts\/71114","targetHints":{"allow":["GET"]}}],"collection":[{"href":"https:\/\/zonaroja.com.mx\/index.php?rest_route=\/wp\/v2\/posts"}],"about":[{"href":"https:\/\/zonaroja.com.mx\/index.php?rest_route=\/wp\/v2\/types\/post"}],"author":[{"embeddable":true,"href":"https:\/\/zonaroja.com.mx\/index.php?rest_route=\/wp\/v2\/users\/2"}],"replies":[{"embeddable":true,"href":"https:\/\/zonaroja.com.mx\/index.php?rest_route=%2Fwp%2Fv2%2Fcomments&post=71114"}],"version-history":[{"count":1,"href":"https:\/\/zonaroja.com.mx\/index.php?rest_route=\/wp\/v2\/posts\/71114\/revisions"}],"predecessor-version":[{"id":71115,"href":"https:\/\/zonaroja.com.mx\/index.php?rest_route=\/wp\/v2\/posts\/71114\/revisions\/71115"}],"wp:featuredmedia":[{"embeddable":true,"href":"https:\/\/zonaroja.com.mx\/index.php?rest_route=\/wp\/v2\/media\/70868"}],"wp:attachment":[{"href":"https:\/\/zonaroja.com.mx\/index.php?rest_route=%2Fwp%2Fv2%2Fmedia&parent=71114"}],"wp:term":[{"taxonomy":"category","embeddable":true,"href":"https:\/\/zonaroja.com.mx\/index.php?rest_route=%2Fwp%2Fv2%2Fcategories&post=71114"},{"taxonomy":"post_tag","embeddable":true,"href":"https:\/\/zonaroja.com.mx\/index.php?rest_route=%2Fwp%2Fv2%2Ftags&post=71114"}],"curies":[{"name":"wp","href":"https:\/\/api.w.org\/{rel}","templated":true}]}}