{"id":71119,"date":"2024-08-06T11:30:00","date_gmt":"2024-08-06T17:30:00","guid":{"rendered":"https:\/\/zonaroja.com.mx\/?p=71119"},"modified":"2024-08-06T08:39:50","modified_gmt":"2024-08-06T14:39:50","slug":"kamala-harris-asegura-en-eu-los-votos-requeridos-para-la-candidatura","status":"publish","type":"post","link":"https:\/\/zonaroja.com.mx\/?p=71119","title":{"rendered":"Kamala Harris asegura en EU los votos requeridos para la candidatura"},"content":{"rendered":"\n<p>Redacci\u00f3n\/Zona Roja Cdmx.<\/p>\n\n\n\n<p>Ciudad de M\u00e9xico, a 6 de agosto de 2024.- La vicepresidenta Kamala Harris, hija de inmigrantes que ascendi\u00f3 en los \u00e1mbitos pol\u00edtico y policial de California hasta convertirse en la primera mujer en ocupar la vicepresidencia de Estados Unidos, asegur\u00f3 ayer la nominaci\u00f3n presidencial del Partido Dem\u00f3crata, convirti\u00e9ndose as\u00ed en la primera mujer no blanca en ser postulada a la presidencia por alguno de los dos principales partidos.<\/p>\n\n\n\n<p>Su nominaci\u00f3n se hizo oficial al concluir una ronda de cinco d\u00edas de votaciones por Internet de los delegados de la Convenci\u00f3n Nacional Dem\u00f3crata, a efectuarse del 19 al 22 de agosto en Chicago.<\/p>\n\n\n\n<p>Por lo pronto, trascendi\u00f3 que Harris redujo su b\u00fasqueda de un compa\u00f1ero de f\u00f3rmula para la vicepresidencia a dos finalistas, el gobernador de Pensilvania, Josh Shapiro, y su par de Minnesota, Tim Walz; hoy se espera su decisi\u00f3n.<\/p>\n\n\n\n<p>Shapiro, de 51 a\u00f1os, es estrella emergente del partido con un fuerte \u00edndice de aprobaci\u00f3n en su estado, cuyos 19 votos electorales lo convierten en entidad clave. Este ex fiscal general del estado a\u00f1adir\u00eda importancia hist\u00f3rica a la candidatura: ser\u00eda el primer vicepresidente jud\u00edo del pa\u00eds, pero su firme apoyo a Israel podr\u00eda alejar a votantes progresistas.<\/p>\n\n\n\n<p>Walz, de 60 a\u00f1os, es un veterano de la Guardia Nacional y un antiguo profesor; fue legislador por un distrito de tendencia republicana, ha demostrado su atractivo entre los votantes rurales blancos, aunque tambi\u00e9n ha defendido pol\u00edticas progresistas como gobernador, entre ellas la gratuidad de los comedores escolares y la ampliaci\u00f3n de las bajas laborales remuneradas.<\/p>\n\n\n\n<p>(Informaci\u00f3n de Ap y Reuters en \u201cLa Jornada\u201d)<\/p>\n","protected":false},"excerpt":{"rendered":"<p>Redacci\u00f3n\/Zona Roja Cdmx. Ciudad de M\u00e9xico, a 6 de agosto de 2024.- La vicepresidenta Kamala&hellip;<\/p>\n","protected":false},"author":2,"featured_media":70655,"comment_status":"closed","ping_status":"open","sticky":false,"template":"","format":"standard","meta":{"_lmt_disableupdate":"","_lmt_disable":"","_jetpack_memberships_contains_paid_content":false,"footnotes":""},"categories":[109,47],"tags":[2187],"class_list":["post-71119","post","type-post","status-publish","format-standard","has-post-thumbnail","hentry","category-minuto-a-minuto","category-zona-gris","tag-kamala-harris"],"jetpack_featured_media_url":"https:\/\/zonaroja.com.mx\/wp-content\/uploads\/2024\/07\/Kamala-Harris.jpeg","jetpack_sharing_enabled":true,"_links":{"self":[{"href":"https:\/\/zonaroja.com.mx\/index.php?rest_route=\/wp\/v2\/posts\/71119","targetHints":{"allow":["GET"]}}],"collection":[{"href":"https:\/\/zonaroja.com.mx\/index.php?rest_route=\/wp\/v2\/posts"}],"about":[{"href":"https:\/\/zonaroja.com.mx\/index.php?rest_route=\/wp\/v2\/types\/post"}],"author":[{"embeddable":true,"href":"https:\/\/zonaroja.com.mx\/index.php?rest_route=\/wp\/v2\/users\/2"}],"replies":[{"embeddable":true,"href":"https:\/\/zonaroja.com.mx\/index.php?rest_route=%2Fwp%2Fv2%2Fcomments&post=71119"}],"version-history":[{"count":1,"href":"https:\/\/zonaroja.com.mx\/index.php?rest_route=\/wp\/v2\/posts\/71119\/revisions"}],"predecessor-version":[{"id":71120,"href":"https:\/\/zonaroja.com.mx\/index.php?rest_route=\/wp\/v2\/posts\/71119\/revisions\/71120"}],"wp:featuredmedia":[{"embeddable":true,"href":"https:\/\/zonaroja.com.mx\/index.php?rest_route=\/wp\/v2\/media\/70655"}],"wp:attachment":[{"href":"https:\/\/zonaroja.com.mx\/index.php?rest_route=%2Fwp%2Fv2%2Fmedia&parent=71119"}],"wp:term":[{"taxonomy":"category","embeddable":true,"href":"https:\/\/zonaroja.com.mx\/index.php?rest_route=%2Fwp%2Fv2%2Fcategories&post=71119"},{"taxonomy":"post_tag","embeddable":true,"href":"https:\/\/zonaroja.com.mx\/index.php?rest_route=%2Fwp%2Fv2%2Ftags&post=71119"}],"curies":[{"name":"wp","href":"https:\/\/api.w.org\/{rel}","templated":true}]}}