{"id":7112,"date":"2019-12-29T20:19:33","date_gmt":"2019-12-30T02:19:33","guid":{"rendered":"http:\/\/www.zonaroja.com.mx\/?p=7112"},"modified":"2019-12-29T20:19:36","modified_gmt":"2019-12-30T02:19:36","slug":"marea-roja-afecta-a-tortugas-marinas-y-gaviotas-en-litoral-de-oaxaca","status":"publish","type":"post","link":"https:\/\/zonaroja.com.mx\/?p=7112","title":{"rendered":"Marea roja afecta a tortugas marinas y gaviotas en litoral de Oaxaca"},"content":{"rendered":"\n<p>Redacci\u00f3n\/Zona Roja.<\/p>\n\n\n\n<p>Oaxaca de Ju\u00e1rez, Oax., 29 de diciembre\nde 2019.- Debido a que el fen\u00f3meno de marea roja se mantiene en el litoral de\nOaxaca, el gobierno estatal inform\u00f3 que se habilitaron cuatro albercas como refugio\ntemporal de tortugas marinas y gaviotas.<\/p>\n\n\n\n<p>En un comunicado, indic\u00f3 que la\nsubestaci\u00f3n de Bomberos ubicada en Santa Mar\u00eda Huatulco funge como refugio\nemergente de las especies que est\u00e1n siendo afectadas por este fen\u00f3meno natural.<\/p>\n\n\n\n<p>Expuso que en las albercas se busca\nayudar a la recuperaci\u00f3n de la fauna mar\u00edtima y asegurar su bienestar, actuando\ncon bioseguridad y apego a la normatividad ambiental.<\/p>\n\n\n\n<p>A\u00f1adi\u00f3 que en estos trabajos coadyuvan\nla Secretar\u00eda de Turismo estatal (Sectur-Oaxaca), el Parque Nacional Huatulco,\nel Centro Mexicano de la Tortuga y la Secretar\u00eda de Medio Ambiente y Recursos\nNaturales (Semarnat) a trav\u00e9s de la delegaci\u00f3n de Procuradur\u00eda Federal de\nProtecci\u00f3n al Ambiente (Profepa).<\/p>\n\n\n\n<p>As\u00ed como los prestadores de servicios\ntur\u00edsticos, pescadores y la sociedad organizada de Huatulco, trabajan de manera\nsolidaria para llevar las tortugas vivas a la subestaci\u00f3n de Bomberos de\nHuatulco.<\/p>\n\n\n\n<p>Expuso que de acuerdo con estudios\nrealizados por investigadores de la Universidad del Mar, se sabe que diversos\nfactores que influyen en las condiciones oceanogr\u00e1ficas son elementos de\nocurrencia de florecimientos algales nocivos -conocidos como marea roja,\ncomprendida por microorganismos t\u00f3xicos- de los cuales se alimentan los\ns\u00e1lpidos o salpas (seres vivos de libre flotaci\u00f3n con aspecto traslucido y\ngelatinoso) ampliamente distribuidos en aguas medias o cerca de la superficie.<\/p>\n\n\n\n<p>Estos pueden actuar como vectores en la\ntransferencia de toxinas como la saxitoxina, desde algunas algas t\u00f3xicas hacia\nalgunos vertebrados marinos, generando su muerte por intoxicaci\u00f3n.<\/p>\n\n\n\n<p>Se ha comprobado que dicho evento ha\nprovocado la mortandad de tortugas marinas, debido a la estrecha\ncorrespondencia entre las condiciones f\u00edsicas, qu\u00edmicas y biol\u00f3gicas del mar,\nla proliferaci\u00f3n de microorganismos t\u00f3xicos (dinoflagelados) y de salpas.<\/p>\n\n\n\n<p>Lo anterior es causa de la contingencia\nambiental que se est\u00e1 presentando, y por la que se est\u00e1n encontrando tortugas\nmarinas y gaviotas -hasta ahora- con par\u00e1lisis en el sistema nervioso.<\/p>\n\n\n\n<p>De acuerdo con la Secretar\u00eda del Medio\nAmbiente estatal, los ejemplares que se han presentado est\u00e1n siendo atendidos\npor el Comit\u00e9 de Atenci\u00f3n a Fauna Silvestre, en coordinaci\u00f3n con el Centro\nMexicano de la Tortuga y la Universidad del Mar, al igual que el municipio de\nSanta Mar\u00eda Huatulco el cual est\u00e1 apoyando con los medicamentos suministrados a\nlas tortugas.<\/p>\n\n\n\n<p>MANTIENEN ALERTA<\/p>\n\n\n\n<p>Por su parte, los Servicios de Salud de\nOaxaca (SSO) dieron a conocer que mantienen veda sanitaria para la extracci\u00f3n,\nventa y consumo de productos del mar con&nbsp;\ndoble concha como almejas, caracoles de mar, callo de hacha y\nostiones,&nbsp; por presencia de marea roja en\nla Costa oaxaque\u00f1a.<\/p>\n\n\n\n<p>Detall\u00f3 que la medida precautoria abarca\nlos municipios de Santa Mar\u00eda Huatulco, San Pedro Pochutla, Santiago Pinotepa\nNacional, Santa Mar\u00eda Colotepec, San Pedro Mixtepec, Villa de Tututepec, Santa\nMar\u00eda Huazolotitl\u00e1n y Santa Mar\u00eda Tonameca.<\/p>\n\n\n\n<p>Agreg\u00f3 que el Comit\u00e9 de Marea Roja\nmantiene trabajos coordinados entre las dependencias y organizaciones que la\nintegran, a fin de reducir los riesgos entre la poblaci\u00f3n y mantener un\nmonitoreo puntual.<\/p>\n","protected":false},"excerpt":{"rendered":"<p>Redacci\u00f3n\/Zona Roja. Oaxaca de Ju\u00e1rez, Oax., 29 de diciembre de 2019.- Debido a que el&hellip;<\/p>\n","protected":false},"author":2,"featured_media":7113,"comment_status":"closed","ping_status":"open","sticky":false,"template":"","format":"standard","meta":{"_lmt_disableupdate":"","_lmt_disable":"","_jetpack_memberships_contains_paid_content":false,"footnotes":""},"categories":[109,52],"tags":[1202],"class_list":["post-7112","post","type-post","status-publish","format-standard","has-post-thumbnail","hentry","category-minuto-a-minuto","category-zona-verde","tag-marea-roja-oaxaca"],"jetpack_featured_media_url":"https:\/\/zonaroja.com.mx\/wp-content\/uploads\/2019\/12\/SEMAEDESO-3.jpeg","jetpack_sharing_enabled":true,"_links":{"self":[{"href":"https:\/\/zonaroja.com.mx\/index.php?rest_route=\/wp\/v2\/posts\/7112","targetHints":{"allow":["GET"]}}],"collection":[{"href":"https:\/\/zonaroja.com.mx\/index.php?rest_route=\/wp\/v2\/posts"}],"about":[{"href":"https:\/\/zonaroja.com.mx\/index.php?rest_route=\/wp\/v2\/types\/post"}],"author":[{"embeddable":true,"href":"https:\/\/zonaroja.com.mx\/index.php?rest_route=\/wp\/v2\/users\/2"}],"replies":[{"embeddable":true,"href":"https:\/\/zonaroja.com.mx\/index.php?rest_route=%2Fwp%2Fv2%2Fcomments&post=7112"}],"version-history":[{"count":1,"href":"https:\/\/zonaroja.com.mx\/index.php?rest_route=\/wp\/v2\/posts\/7112\/revisions"}],"predecessor-version":[{"id":7114,"href":"https:\/\/zonaroja.com.mx\/index.php?rest_route=\/wp\/v2\/posts\/7112\/revisions\/7114"}],"wp:featuredmedia":[{"embeddable":true,"href":"https:\/\/zonaroja.com.mx\/index.php?rest_route=\/wp\/v2\/media\/7113"}],"wp:attachment":[{"href":"https:\/\/zonaroja.com.mx\/index.php?rest_route=%2Fwp%2Fv2%2Fmedia&parent=7112"}],"wp:term":[{"taxonomy":"category","embeddable":true,"href":"https:\/\/zonaroja.com.mx\/index.php?rest_route=%2Fwp%2Fv2%2Fcategories&post=7112"},{"taxonomy":"post_tag","embeddable":true,"href":"https:\/\/zonaroja.com.mx\/index.php?rest_route=%2Fwp%2Fv2%2Ftags&post=7112"}],"curies":[{"name":"wp","href":"https:\/\/api.w.org\/{rel}","templated":true}]}}