{"id":71121,"date":"2024-08-06T18:08:33","date_gmt":"2024-08-07T00:08:33","guid":{"rendered":"https:\/\/zonaroja.com.mx\/?p=71121"},"modified":"2024-08-06T18:08:33","modified_gmt":"2024-08-07T00:08:33","slug":"dos-semanas-despues-amlo-sigue-sin-recibir-informacion-de-eu-sobre-detencion-de-capos","status":"publish","type":"post","link":"https:\/\/zonaroja.com.mx\/?p=71121","title":{"rendered":"Dos semanas despu\u00e9s, AMLO sigue sin recibir informaci\u00f3n de EU sobre detenci\u00f3n de capos"},"content":{"rendered":"\n<p>Redacci\u00f3n\/Zona Roja Cdmx.<\/p>\n\n\n\n<p>Ciudad de M\u00e9xico, a 6 de agosto de 20024.- El Presidente de M\u00e9xico, Andr\u00e9s Manuel L\u00f3pez Obrador, asever\u00f3 que siguen sin tener fecha para que Estados Unidos entregue la informaci\u00f3n de la captura de los l\u00edderes criminales Ismael \u201cEl Mayo\u201d Zambada y Joaqu\u00edn Guzm\u00e1n L\u00f3pez.<\/p>\n\n\n\n<p>En la conferencia matutina de Palacio Nacional, L\u00f3pez Obrador dijo que espera que pronto puedan tener un informe sobre ambas detenciones, por parte de autoridades estadounidenses hace casi dos semanas.<\/p>\n\n\n\n<p>\u201cPara qu\u00e9 adelantamos v\u00edsperas o hacemos conjeturas. Mejor estamos solicitando informaci\u00f3n al Gobierno de EE.UU.\u201d, argument\u00f3.<\/p>\n\n\n\n<p>\u201cTodav\u00eda no (hay fecha para el informe), todav\u00eda no, no tenemos toda la informaci\u00f3n, pero esperamos que la vamos a tener\u201d, explic\u00f3.<\/p>\n\n\n\n<p>El mandatario mexicano espera tener dicha informe sobre la captura de ambos l\u00edderes del C\u00e1rtel de Sinaloa antes de que comiencen los juicios.<\/p>\n\n\n\n<p>\u201cPienso que antes (de que inicie el juicio) vamos a tener informaci\u00f3n, sobre todo lo relacionado con la detenci\u00f3n y el traslado\u201d, destac\u00f3.<\/p>\n\n\n\n<p>Ismael \u201cEl Mayo\u201d Zambada y Joaqu\u00edn Guzm\u00e1n L\u00f3pez, hijo de Joaqu\u00edn \u201cEl Chapo\u201d Guzm\u00e1n, fueron detenidos por autoridades de los Estados Unidos el pasado 25 de julio en un aeropuerto regional de Nuevo M\u00e9xico.<\/p>\n\n\n\n<p>La canciller mexicana Alicia B\u00e1rcena inform\u00f3 la semana pasada de la petici\u00f3n de informaci\u00f3n realizada al secretario de Estado de EE.UU. Antony Blinken, sobre los detalles del plan de captura de Zambada Garc\u00eda y de Guzm\u00e1n L\u00f3pez, l\u00edderes del C\u00e1rtel de Sinaloa.<\/p>\n\n\n\n<p>\u201cMandamos una comunicaci\u00f3n a Antony Blinken pidiendo datos espec\u00edficos\u201d, refiri\u00f3 B\u00e1rcena durante la conferencia matutina del presidente, Andr\u00e9s Manuel L\u00f3pez Obrador, en la que explic\u00f3 que solicit\u00f3 detalles sobre el avi\u00f3n que transport\u00f3 al narcotraficante, matr\u00edcula de la aeronave, lugar de despegue y nombre del piloto.<\/p>\n\n\n\n<p>El propio L\u00f3pez Obrador apunt\u00f3 el pasado viernes que \u201cse tiene que transparentar todo, c\u00f3mo han actuado todo este tiempo, si hay asociaci\u00f3n delictuosa con autoridades, cu\u00e1les y qu\u00e9 vinculaci\u00f3n han tenido con agencias (estadounidenses)\u201d, sobre una posible declaraci\u00f3n de Zambada en su inminente juicio en los Estados Unidos.<\/p>\n\n\n\n<p>\u201cEl Mayo\u201d Zambada se declar\u00f3 no culpable la semana pasada a trav\u00e9s de su abogado de los 14 delitos que se le imputan, que incluyen cargos por narcotr\u00e1fico y lavado de dinero, y provienen de una acusaci\u00f3n presentada en 2012.<\/p>\n\n\n\n<p>(Con informaci\u00f3n de L\u00f3pez-D\u00f3riga Digital)<\/p>\n\n\n\n<p><\/p>\n","protected":false},"excerpt":{"rendered":"<p>Redacci\u00f3n\/Zona Roja Cdmx. Ciudad de M\u00e9xico, a 6 de agosto de 20024.- El Presidente de&hellip;<\/p>\n","protected":false},"author":2,"featured_media":70848,"comment_status":"closed","ping_status":"open","sticky":false,"template":"","format":"standard","meta":{"_lmt_disableupdate":"","_lmt_disable":"","_jetpack_memberships_contains_paid_content":false,"footnotes":""},"categories":[109,47],"tags":[],"class_list":["post-71121","post","type-post","status-publish","format-standard","has-post-thumbnail","hentry","category-minuto-a-minuto","category-zona-gris"],"jetpack_featured_media_url":"https:\/\/zonaroja.com.mx\/wp-content\/uploads\/2024\/07\/Mayo-Zambada-y-Joaquin-Guzman.jpeg","jetpack_sharing_enabled":true,"_links":{"self":[{"href":"https:\/\/zonaroja.com.mx\/index.php?rest_route=\/wp\/v2\/posts\/71121","targetHints":{"allow":["GET"]}}],"collection":[{"href":"https:\/\/zonaroja.com.mx\/index.php?rest_route=\/wp\/v2\/posts"}],"about":[{"href":"https:\/\/zonaroja.com.mx\/index.php?rest_route=\/wp\/v2\/types\/post"}],"author":[{"embeddable":true,"href":"https:\/\/zonaroja.com.mx\/index.php?rest_route=\/wp\/v2\/users\/2"}],"replies":[{"embeddable":true,"href":"https:\/\/zonaroja.com.mx\/index.php?rest_route=%2Fwp%2Fv2%2Fcomments&post=71121"}],"version-history":[{"count":1,"href":"https:\/\/zonaroja.com.mx\/index.php?rest_route=\/wp\/v2\/posts\/71121\/revisions"}],"predecessor-version":[{"id":71122,"href":"https:\/\/zonaroja.com.mx\/index.php?rest_route=\/wp\/v2\/posts\/71121\/revisions\/71122"}],"wp:featuredmedia":[{"embeddable":true,"href":"https:\/\/zonaroja.com.mx\/index.php?rest_route=\/wp\/v2\/media\/70848"}],"wp:attachment":[{"href":"https:\/\/zonaroja.com.mx\/index.php?rest_route=%2Fwp%2Fv2%2Fmedia&parent=71121"}],"wp:term":[{"taxonomy":"category","embeddable":true,"href":"https:\/\/zonaroja.com.mx\/index.php?rest_route=%2Fwp%2Fv2%2Fcategories&post=71121"},{"taxonomy":"post_tag","embeddable":true,"href":"https:\/\/zonaroja.com.mx\/index.php?rest_route=%2Fwp%2Fv2%2Ftags&post=71121"}],"curies":[{"name":"wp","href":"https:\/\/api.w.org\/{rel}","templated":true}]}}