{"id":71126,"date":"2024-08-06T20:57:29","date_gmt":"2024-08-07T02:57:29","guid":{"rendered":"https:\/\/zonaroja.com.mx\/?p=71126"},"modified":"2024-08-06T20:57:31","modified_gmt":"2024-08-07T02:57:31","slug":"sheinbaum-invita-a-toma-de-protesta-a-putin-requerido-por-corte-internacional","status":"publish","type":"post","link":"https:\/\/zonaroja.com.mx\/?p=71126","title":{"rendered":"Sheinbaum invita a toma de protesta a Putin, requerido por Corte Internacional"},"content":{"rendered":"\n<p>Redacci\u00f3n\/Zona Roja Cdmx.<\/p>\n\n\n\n<p>Ciudad de M\u00e9xico, a 6 de agosto de 2024.- El presidente ruso Vladimir Putin, fue invitado a la toma de protesta de Claudia Sheinbaum Pardo como la primera Presidenta en la historia de M\u00e9xico.<\/p>\n\n\n\n<p>De acuerdo con la agencia estatal rusa de noticias, TACC, el presidente ruso decidir\u00e1 si participar\u00e1 en la ceremonia \u00e9l mismo o nombrar\u00e1 a otro funcionario de alto rango que lo haga en su nombre.<\/p>\n\n\n\n<p>La Embajada de Rusia en la Ciudad de M\u00e9xico inform\u00f3 a TACC que \u00abla invitaci\u00f3n a la ceremonia de toma de posesi\u00f3n de la presidenta de M\u00e9xico ha sido recibida por la parte rusa\u00bb.<\/p>\n\n\n\n<p>En 2023, la Corte Penal Internacional (CPI) emiti\u00f3 \u00f3rdenes de detenci\u00f3n contra el presidente Vladimir Putin y Maria Lvova-Belova, comisionada rusa para los derechos de la infancia, por cr\u00edmenes de guerra ocurridos durante la invasi\u00f3n de Rusia a Ucrania.<\/p>\n\n\n\n<p>La agencia estatal rusa se\u00f1ala que M\u00e9xico est\u00e1 sujeto a la jurisdicci\u00f3n de la Corte Penal Internacional (CPI), por lo que la visita de Putin podr\u00eda complicarse.<\/p>\n\n\n\n<p>Putin ha felicitado ya a Sheinbaum por su triunfo en el proceso electoral de junio.<\/p>\n\n\n\n<p>En meses recientes, el mandatario ruso se\u00f1al\u00f3 que M\u00e9xico es \u00abun socio tradicionalmente amistoso de Rusia en la regi\u00f3n latinoamericana\u00bb.<\/p>\n\n\n\n<p>Sheinbaum recibir\u00e1 la banda presidencial por parte del Presidente Andr\u00e9s Manuel L\u00f3pez Obrador el 1 de octubre de este a\u00f1o.<\/p>\n\n\n\n<p>En mayo de este a\u00f1o, Vladimir Putin jur\u00f3 su quinto mandato como presidente de Rusia, hasta 2030, con un llamado a sus compatriotas a vencer \u00abjuntos\u00bb en el conflicto de Ucrania.<\/p>\n\n\n\n<p>La reelecci\u00f3n con m\u00e1s del 87% de los votos sirvi\u00f3 a Putin para evocar la imagen de una Rusia \u00abunida\u00bb detr\u00e1s de \u00e9l y de su Ej\u00e9rcito.<\/p>\n\n\n\n<p>Las principales figuras de la oposici\u00f3n rusa est\u00e1n ahora en el exilio o la c\u00e1rcel, al igual que cientos de ciudadanos que han expresado su rechazo a la ofensiva de Mosc\u00fa contra Kiev.<\/p>\n\n\n\n<p>El Kremlin tambi\u00e9n aument\u00f3 la represi\u00f3n de las minor\u00edas sexuales, ya que afirma que defiende los \u00abvalores tradicionales\u00bb frente un Occidente al que considera degenerado.<\/p>\n\n\n\n<p>(Con informaci\u00f3n de Reuters y AFP, en \u201cExpansi\u00f3n Pol\u00edtica\u201d)<\/p>\n","protected":false},"excerpt":{"rendered":"<p>Redacci\u00f3n\/Zona Roja Cdmx. Ciudad de M\u00e9xico, a 6 de agosto de 2024.- El presidente ruso&hellip;<\/p>\n","protected":false},"author":2,"featured_media":71127,"comment_status":"closed","ping_status":"open","sticky":false,"template":"","format":"standard","meta":{"_lmt_disableupdate":"","_lmt_disable":"","_jetpack_memberships_contains_paid_content":false,"footnotes":""},"categories":[109,47],"tags":[3370,4018],"class_list":["post-71126","post","type-post","status-publish","format-standard","has-post-thumbnail","hentry","category-minuto-a-minuto","category-zona-gris","tag-claudia-sheinbaum","tag-vladimir-putin"],"jetpack_featured_media_url":"https:\/\/zonaroja.com.mx\/wp-content\/uploads\/2024\/08\/Putin-y-Sheinbaum.jpeg","jetpack_sharing_enabled":true,"_links":{"self":[{"href":"https:\/\/zonaroja.com.mx\/index.php?rest_route=\/wp\/v2\/posts\/71126","targetHints":{"allow":["GET"]}}],"collection":[{"href":"https:\/\/zonaroja.com.mx\/index.php?rest_route=\/wp\/v2\/posts"}],"about":[{"href":"https:\/\/zonaroja.com.mx\/index.php?rest_route=\/wp\/v2\/types\/post"}],"author":[{"embeddable":true,"href":"https:\/\/zonaroja.com.mx\/index.php?rest_route=\/wp\/v2\/users\/2"}],"replies":[{"embeddable":true,"href":"https:\/\/zonaroja.com.mx\/index.php?rest_route=%2Fwp%2Fv2%2Fcomments&post=71126"}],"version-history":[{"count":1,"href":"https:\/\/zonaroja.com.mx\/index.php?rest_route=\/wp\/v2\/posts\/71126\/revisions"}],"predecessor-version":[{"id":71128,"href":"https:\/\/zonaroja.com.mx\/index.php?rest_route=\/wp\/v2\/posts\/71126\/revisions\/71128"}],"wp:featuredmedia":[{"embeddable":true,"href":"https:\/\/zonaroja.com.mx\/index.php?rest_route=\/wp\/v2\/media\/71127"}],"wp:attachment":[{"href":"https:\/\/zonaroja.com.mx\/index.php?rest_route=%2Fwp%2Fv2%2Fmedia&parent=71126"}],"wp:term":[{"taxonomy":"category","embeddable":true,"href":"https:\/\/zonaroja.com.mx\/index.php?rest_route=%2Fwp%2Fv2%2Fcategories&post=71126"},{"taxonomy":"post_tag","embeddable":true,"href":"https:\/\/zonaroja.com.mx\/index.php?rest_route=%2Fwp%2Fv2%2Ftags&post=71126"}],"curies":[{"name":"wp","href":"https:\/\/api.w.org\/{rel}","templated":true}]}}