{"id":71129,"date":"2024-08-06T21:38:59","date_gmt":"2024-08-07T03:38:59","guid":{"rendered":"https:\/\/zonaroja.com.mx\/?p=71129"},"modified":"2024-08-06T21:39:02","modified_gmt":"2024-08-07T03:39:02","slug":"suspenden-obra-de-supercarretera-oaxaca-istmo-por-agresion-a-mixes","status":"publish","type":"post","link":"https:\/\/zonaroja.com.mx\/?p=71129","title":{"rendered":"Suspenden obra de supercarretera Oaxaca-Istmo, por agresi\u00f3n a mixes"},"content":{"rendered":"\n<p>Raymundo Morales\/Zona Roja.<\/p>\n\n\n\n<p>Oaxaca de Ju\u00e1rez, Oax., a 6 de agosto de 2024.- Programada para inaugurarse el pr\u00f3ximo mes, las obras de la supercarretera Oaxaca-Istmo fueron suspendidas por en\u00e9sima ocasi\u00f3n, ahora tras la agresi\u00f3n de un grupo, presuntamente transportistas, a ind\u00edgenas mixes.<\/p>\n\n\n\n<p>De acuerdo con informaci\u00f3n difundida a trav\u00e9s de redes sociales, habitantes de la localidad de Llano Laguna, del municipio de Santo Domingo Tepuxtepec Mixe, fueron atacados a piedras y balazos por sujetos, supuestamente llevados por la empresa constructora Carso.<\/p>\n\n\n\n<p>De acuerdo el activista Joaqu\u00edn Galv\u00e1n, el grupo de choque fue identificado como Sindicato Libertad, aunque otras versiones se\u00f1alan que se trata de la Confederaci\u00f3n Internacional de Trabajadores (CIT).<\/p>\n\n\n\n<p>Lo anterior con la complacencia del titular de la Coordinaci\u00f3n de Delegados de Paz del gobierno de Oaxaca, Donato Vargas Jim\u00e9nez, que se encontraba en la zona y quien fue acusado de proteger al grupo de choque, junto con su personal.<\/p>\n\n\n\n<p>Hasta el momento no hay informaci\u00f3n oficial al respecto y de acuerdo con los pobladores de Llano Laguna, hay al menos cuatro personas desaparecidas y varias lesionadas.<\/p>\n\n\n\n<p>Por lo cual piden la intervenci\u00f3n de organismos de derechos humanos, as\u00ed como de la Fiscal\u00eda General del Estado de Oaxaca, para indagar los hechos y castigar a los responsables.<\/p>\n\n\n\n<p>En la zona se encontraba tambi\u00e9n una partida de elementos de la Polic\u00eda Estatal, quienes informaron que iban para restablecer, sin violencia, el orden en la zona y a resguardar para evitar mayores confrontaciones.<\/p>\n\n\n\n<p>La inconformidad de la comunidad de Llano Laguna deriva a incumplimientos del gobierno federal y de la empresa constructora Carso con la ejecuci\u00f3n de diversas obras, por lo cual mantendr\u00e1n el bloqueo a los trabajos de construcci\u00f3n de la supercarretera.<\/p>\n\n\n\n<figure class=\"wp-block-embed is-type-rich is-provider-twitter wp-block-embed-twitter\"><div class=\"wp-block-embed__wrapper\">\n<div class=\"twitter-tweet\"><blockquote class=\"twitter-tweet\" data-lang=\"es\"><p lang=\"es\" dir=\"ltr\">Otra de Donato Vargas Jim\u00e9nez, titular de la <a href=\"https:\/\/twitter.com\/CDPAZ_GobOax?ref_src=twsrc%5Etfw\">@CDPAZ_GobOax<\/a>:<br><br>Pobladores de Llano Laguna, municipio de Santo Domingo Tepuxtepec Mixe, denuncian que el funcionario estatal cobij\u00f3 al grupo armado, presuntamente de un sindicato de transportistas, que los agredi\u00f3 hoy. <br><br>Las obras de\u2026 <a href=\"https:\/\/t.co\/XeqCK5qB9s\">pic.twitter.com\/XeqCK5qB9s<\/a><\/p>&mdash; Zona Roja Oaxaca (@ZonaRoja_Oaxaca) <a href=\"https:\/\/twitter.com\/ZonaRoja_Oaxaca\/status\/1821021479322128659?ref_src=twsrc%5Etfw\">7 de agosto de 2024<\/a><\/blockquote><\/div>\n<\/div><\/figure>\n","protected":false},"excerpt":{"rendered":"<p>Raymundo Morales\/Zona Roja. Oaxaca de Ju\u00e1rez, Oax., a 6 de agosto de 2024.- Programada para&hellip;<\/p>\n","protected":false},"author":2,"featured_media":71130,"comment_status":"closed","ping_status":"open","sticky":false,"template":"","format":"standard","meta":{"_lmt_disableupdate":"","_lmt_disable":"","_jetpack_memberships_contains_paid_content":false,"footnotes":""},"categories":[109,47],"tags":[3049],"class_list":["post-71129","post","type-post","status-publish","format-standard","has-post-thumbnail","hentry","category-minuto-a-minuto","category-zona-gris","tag-santo-domingo-tepuxtepec"],"jetpack_featured_media_url":"https:\/\/zonaroja.com.mx\/wp-content\/uploads\/2024\/08\/Protesta-Llano-Laguna-Tepuxtepe.jpg","jetpack_sharing_enabled":true,"_links":{"self":[{"href":"https:\/\/zonaroja.com.mx\/index.php?rest_route=\/wp\/v2\/posts\/71129","targetHints":{"allow":["GET"]}}],"collection":[{"href":"https:\/\/zonaroja.com.mx\/index.php?rest_route=\/wp\/v2\/posts"}],"about":[{"href":"https:\/\/zonaroja.com.mx\/index.php?rest_route=\/wp\/v2\/types\/post"}],"author":[{"embeddable":true,"href":"https:\/\/zonaroja.com.mx\/index.php?rest_route=\/wp\/v2\/users\/2"}],"replies":[{"embeddable":true,"href":"https:\/\/zonaroja.com.mx\/index.php?rest_route=%2Fwp%2Fv2%2Fcomments&post=71129"}],"version-history":[{"count":1,"href":"https:\/\/zonaroja.com.mx\/index.php?rest_route=\/wp\/v2\/posts\/71129\/revisions"}],"predecessor-version":[{"id":71131,"href":"https:\/\/zonaroja.com.mx\/index.php?rest_route=\/wp\/v2\/posts\/71129\/revisions\/71131"}],"wp:featuredmedia":[{"embeddable":true,"href":"https:\/\/zonaroja.com.mx\/index.php?rest_route=\/wp\/v2\/media\/71130"}],"wp:attachment":[{"href":"https:\/\/zonaroja.com.mx\/index.php?rest_route=%2Fwp%2Fv2%2Fmedia&parent=71129"}],"wp:term":[{"taxonomy":"category","embeddable":true,"href":"https:\/\/zonaroja.com.mx\/index.php?rest_route=%2Fwp%2Fv2%2Fcategories&post=71129"},{"taxonomy":"post_tag","embeddable":true,"href":"https:\/\/zonaroja.com.mx\/index.php?rest_route=%2Fwp%2Fv2%2Ftags&post=71129"}],"curies":[{"name":"wp","href":"https:\/\/api.w.org\/{rel}","templated":true}]}}