{"id":71132,"date":"2024-08-06T21:56:44","date_gmt":"2024-08-07T03:56:44","guid":{"rendered":"https:\/\/zonaroja.com.mx\/?p=71132"},"modified":"2024-08-06T21:56:45","modified_gmt":"2024-08-07T03:56:45","slug":"signan-convenio-fiscalia-y-el-cobao-para-prevenir-violencia-en-escuelas","status":"publish","type":"post","link":"https:\/\/zonaroja.com.mx\/?p=71132","title":{"rendered":"Signan convenio Fiscal\u00eda y el Cobao para prevenir violencia en escuelas"},"content":{"rendered":"\n<p>Redacci\u00f3n\/Zona Roja.&nbsp;<\/p>\n\n\n\n<p>Oaxaca de Ju\u00e1rez, Oax., a 6 agosto de 2024.-El fiscal General del Estado de Oaxaca, Bernardo Rodr\u00edguez Alamilla, y la directora del Colegio de Bachilleres del Estado de Oaxaca (Cobao), Ver\u00f3nica Hern\u00e1ndez Gonz\u00e1lez, signaron un convenio de colaboraci\u00f3n en materia de prevenci\u00f3n del fen\u00f3meno delictivo, enfocado principalmente en la prevenci\u00f3n de la violencia contra las y los adolescentes en los entornos educativos en los planteles del Cobao.<\/p>\n\n\n\n<p>Durante el acto protocolario, que cont\u00f3 con la presencia del encargado del Despacho de la Vicefiscal\u00eda General de Atenci\u00f3n a V\u00edctimas y a la Sociedad, Ad\u00e1n Jairo Morales Bautista, y la directora de Prevenci\u00f3n del Delito de la FGEO, Aylin Michelle Reyes Cruz; el fiscal Bernardo reafirm\u00f3 su compromiso para fortalecer lazos de colaboraci\u00f3n para una adecuada procuraci\u00f3n de justicia en caso de ocurrencia de alg\u00fan delito dentro o en torno a las instancias acad\u00e9micas, como parte del proceso de reingenier\u00eda institucional y atenci\u00f3n directa a sectores sociales prioritarios, como lo son las juventudes.<\/p>\n\n\n\n<p>En este marco, Rodr\u00edguez Alamilla puntualiz\u00f3 que este convenio tiene el objetivo de establecer una colaboraci\u00f3n en materia de prevenci\u00f3n del fen\u00f3meno delictivo, pues es una medida que coadyuva directamente con la reducci\u00f3n de la incidencia delictiva, especialmente cuando se trabaja con ni\u00f1as, ni\u00f1os y adolescentes.<\/p>\n\n\n\n<p>Agreg\u00f3 que, para la Instituci\u00f3n procuradora de justicia, las ni\u00f1as, ni\u00f1os y adolescentes son una prioridad, por ello la importancia de prevenir el fen\u00f3meno delictivo atendiendo a este sector de la sociedad, brindando informaci\u00f3n para prevenir las diferentes modalidades del delito, adem\u00e1s de los riesgos que implica.<\/p>\n\n\n\n<p>Por su parte, la directora del Cobao, Ver\u00f3nica Hern\u00e1ndez Gonz\u00e1lez, agradeci\u00f3 la disposici\u00f3n de la Fiscal\u00eda del estado de Oaxaca para llevar a cabo este convenio de colaboraci\u00f3n a favor de las juventudes pues, \u201cla raz\u00f3n de ser mejores personas, es trabajar a favor de la educaci\u00f3n de nuestras juventudes\u201d.<\/p>\n\n\n\n<p>Detall\u00f3 que, este convenio de colaboraci\u00f3n tiene el objetivo de implementar estrategias efectivas para la prevenci\u00f3n de la violencia contra las y los adolescentes, espec\u00edficamente de la comunidad estudiantil de los diferentes planteles del COBAO, as\u00ed como brindar a las v\u00edctimas de violencia acceso pleno a la procuraci\u00f3n de justicia y que sea un proceso efectivo,\u00a0 a fin de garantizar el respeto a sus derechos humanos en atenci\u00f3n al Protocolo de actuaci\u00f3n para quienes imparten justicia en casos que involucren a ni\u00f1as, ni\u00f1os y adolescentes y al Protocolo para la procuraci\u00f3n de Justicia Especializada a ni\u00f1os, ni\u00f1as y adolescentes en el estado de Oaxaca y dem\u00e1s legislaciones.<\/p>\n\n\n\n<figure class=\"wp-block-embed is-type-rich is-provider-twitter wp-block-embed-twitter\"><div class=\"wp-block-embed__wrapper\">\n<div class=\"twitter-tweet\"><blockquote class=\"twitter-tweet\" data-lang=\"es\"><p lang=\"es\" dir=\"ltr\">Firmamos un convenio de colaboraci\u00f3n con el Colegio de Bachilleres del Estado de Oaxaca, el cual tiene el objetivo de brindar a las v\u00edctimas de violencia una procuraci\u00f3n de justicia adecuada, integral y especializada, adem\u00e1s de proporcionar procesos de formaci\u00f3n al personal de\u2026 <a href=\"https:\/\/t.co\/LEnmghKUEz\">pic.twitter.com\/LEnmghKUEz<\/a><\/p>&mdash; Bernardo Rodr\u00edguez Alamilla (@FiscalOaxaca) <a href=\"https:\/\/twitter.com\/FiscalOaxaca\/status\/1820983610519835115?ref_src=twsrc%5Etfw\">7 de agosto de 2024<\/a><\/blockquote><\/div>\n<\/div><\/figure>\n","protected":false},"excerpt":{"rendered":"<p>Redacci\u00f3n\/Zona Roja.&nbsp; Oaxaca de Ju\u00e1rez, Oax., a 6 agosto de 2024.-El fiscal General del Estado&hellip;<\/p>\n","protected":false},"author":2,"featured_media":71133,"comment_status":"closed","ping_status":"open","sticky":false,"template":"","format":"standard","meta":{"_lmt_disableupdate":"","_lmt_disable":"","_jetpack_memberships_contains_paid_content":false,"footnotes":""},"categories":[109,46],"tags":[494],"class_list":["post-71132","post","type-post","status-publish","format-standard","has-post-thumbnail","hentry","category-minuto-a-minuto","category-zona-blanca","tag-fiscalia-general-del-estado-de-oaxaca"],"jetpack_featured_media_url":"https:\/\/zonaroja.com.mx\/wp-content\/uploads\/2024\/08\/Convenio-Cobao-y-Fiscalia.jpeg","jetpack_sharing_enabled":true,"_links":{"self":[{"href":"https:\/\/zonaroja.com.mx\/index.php?rest_route=\/wp\/v2\/posts\/71132","targetHints":{"allow":["GET"]}}],"collection":[{"href":"https:\/\/zonaroja.com.mx\/index.php?rest_route=\/wp\/v2\/posts"}],"about":[{"href":"https:\/\/zonaroja.com.mx\/index.php?rest_route=\/wp\/v2\/types\/post"}],"author":[{"embeddable":true,"href":"https:\/\/zonaroja.com.mx\/index.php?rest_route=\/wp\/v2\/users\/2"}],"replies":[{"embeddable":true,"href":"https:\/\/zonaroja.com.mx\/index.php?rest_route=%2Fwp%2Fv2%2Fcomments&post=71132"}],"version-history":[{"count":1,"href":"https:\/\/zonaroja.com.mx\/index.php?rest_route=\/wp\/v2\/posts\/71132\/revisions"}],"predecessor-version":[{"id":71134,"href":"https:\/\/zonaroja.com.mx\/index.php?rest_route=\/wp\/v2\/posts\/71132\/revisions\/71134"}],"wp:featuredmedia":[{"embeddable":true,"href":"https:\/\/zonaroja.com.mx\/index.php?rest_route=\/wp\/v2\/media\/71133"}],"wp:attachment":[{"href":"https:\/\/zonaroja.com.mx\/index.php?rest_route=%2Fwp%2Fv2%2Fmedia&parent=71132"}],"wp:term":[{"taxonomy":"category","embeddable":true,"href":"https:\/\/zonaroja.com.mx\/index.php?rest_route=%2Fwp%2Fv2%2Fcategories&post=71132"},{"taxonomy":"post_tag","embeddable":true,"href":"https:\/\/zonaroja.com.mx\/index.php?rest_route=%2Fwp%2Fv2%2Ftags&post=71132"}],"curies":[{"name":"wp","href":"https:\/\/api.w.org\/{rel}","templated":true}]}}