{"id":71139,"date":"2024-08-07T08:15:00","date_gmt":"2024-08-07T14:15:00","guid":{"rendered":"https:\/\/zonaroja.com.mx\/?p=71139"},"modified":"2024-08-07T07:07:49","modified_gmt":"2024-08-07T13:07:49","slug":"istmo-violento-ejecutan-a-individuo-en-su-vehiculo-en-tehuantepec","status":"publish","type":"post","link":"https:\/\/zonaroja.com.mx\/?p=71139","title":{"rendered":"Istmo violento: ejecutan a individuo en su veh\u00edculo en Tehuantepec"},"content":{"rendered":"\n<p>Raymundo Morales\/Zona Roja.<\/p>\n\n\n\n<p>Oaxaca de Ju\u00e1rez, Oax., a 7 de agosto de 2024.- La violencia no cesa en la regi\u00f3n del Istmo y anoche en Santo Domingo Tehuantepec, un individuo fue ejecutado a balazos en el interior de su veh\u00edculo.<\/p>\n\n\n\n<p>El ataque armado ocurri\u00f3 en la carretera doble carril que comunica a Salina Cruz, a la altura del acceso al fraccionamiento Siglo XXI, donde fue hallada una unidad de motor, marca Nissan, de color blanco, que presenta varios impactos de bala en la ventanilla del conductor.<\/p>\n\n\n\n<p>De manera preliminar se informa que la v\u00edctima recibi\u00f3 los disparos en la cabeza y en la espalda, por lo cual perdi\u00f3 la vida al instante.<\/p>\n\n\n\n<p>Param\u00e9dicos arribaron a la escena del crimen pero tras la revisi\u00f3n, confirmaron que ya no contaba con signos vitales; en tanto que personal de la Vicefiscal\u00eda Regional del Istmo, dependiente de la Fiscal\u00eda General del Estado, inici\u00f3 las indagatorias correspondientes.<\/p>\n\n\n\n<p>Apenas el pasado s\u00e1bado una persona del sexo masculino fue ultimada a balazos en dicho municipio, gobernado por la morenista Vilma Mart\u00ednez Cort\u00e9s.<\/p>\n","protected":false},"excerpt":{"rendered":"<p>Raymundo Morales\/Zona Roja. Oaxaca de Ju\u00e1rez, Oax., a 7 de agosto de 2024.- La violencia&hellip;<\/p>\n","protected":false},"author":2,"featured_media":65347,"comment_status":"closed","ping_status":"open","sticky":false,"template":"","format":"standard","meta":{"_lmt_disableupdate":"","_lmt_disable":"","_jetpack_memberships_contains_paid_content":false,"footnotes":""},"categories":[109,51],"tags":[533],"class_list":["post-71139","post","type-post","status-publish","format-standard","has-post-thumbnail","hentry","category-minuto-a-minuto","category-zona-roja","tag-asesinado-en-tehuantepec"],"jetpack_featured_media_url":"https:\/\/zonaroja.com.mx\/wp-content\/uploads\/2024\/02\/Escena-asesinato-homicidio-crimen.jpeg.webp","jetpack_sharing_enabled":true,"_links":{"self":[{"href":"https:\/\/zonaroja.com.mx\/index.php?rest_route=\/wp\/v2\/posts\/71139","targetHints":{"allow":["GET"]}}],"collection":[{"href":"https:\/\/zonaroja.com.mx\/index.php?rest_route=\/wp\/v2\/posts"}],"about":[{"href":"https:\/\/zonaroja.com.mx\/index.php?rest_route=\/wp\/v2\/types\/post"}],"author":[{"embeddable":true,"href":"https:\/\/zonaroja.com.mx\/index.php?rest_route=\/wp\/v2\/users\/2"}],"replies":[{"embeddable":true,"href":"https:\/\/zonaroja.com.mx\/index.php?rest_route=%2Fwp%2Fv2%2Fcomments&post=71139"}],"version-history":[{"count":1,"href":"https:\/\/zonaroja.com.mx\/index.php?rest_route=\/wp\/v2\/posts\/71139\/revisions"}],"predecessor-version":[{"id":71140,"href":"https:\/\/zonaroja.com.mx\/index.php?rest_route=\/wp\/v2\/posts\/71139\/revisions\/71140"}],"wp:featuredmedia":[{"embeddable":true,"href":"https:\/\/zonaroja.com.mx\/index.php?rest_route=\/wp\/v2\/media\/65347"}],"wp:attachment":[{"href":"https:\/\/zonaroja.com.mx\/index.php?rest_route=%2Fwp%2Fv2%2Fmedia&parent=71139"}],"wp:term":[{"taxonomy":"category","embeddable":true,"href":"https:\/\/zonaroja.com.mx\/index.php?rest_route=%2Fwp%2Fv2%2Fcategories&post=71139"},{"taxonomy":"post_tag","embeddable":true,"href":"https:\/\/zonaroja.com.mx\/index.php?rest_route=%2Fwp%2Fv2%2Ftags&post=71139"}],"curies":[{"name":"wp","href":"https:\/\/api.w.org\/{rel}","templated":true}]}}