{"id":71141,"date":"2024-08-07T09:30:00","date_gmt":"2024-08-07T15:30:00","guid":{"rendered":"https:\/\/zonaroja.com.mx\/?p=71141"},"modified":"2024-08-07T07:15:28","modified_gmt":"2024-08-07T13:15:28","slug":"onu-sip-articulo-19-condenan-asesinato-de-periodista-en-celaya","status":"publish","type":"post","link":"https:\/\/zonaroja.com.mx\/?p=71141","title":{"rendered":"ONU, SIP, Art\u00edculo 19&#8230; condenan asesinato de periodista en Celaya"},"content":{"rendered":"\n<p>Redacci\u00f3n\/Zona Roja Cdmx.<\/p>\n\n\n\n<p>Ciudad de M\u00e9xico, a 7 de agosto de 2024.- La asociaci\u00f3n Alianza de Medios MX conden\u00f3 el asesinato del periodista Alejandro Alfredo Mart\u00ednez, en Celaya, Guanajuato, el pasado domingo.<\/p>\n\n\n\n<p>A trav\u00e9s de un comunicado compartido en sus redes sociales, la entidad expres\u00f3 su indignaci\u00f3n por este crimen y exigi\u00f3 a las autoridades federales y locales esclarecer el crimen y llevar a los responsables ante la justicia.<\/p>\n\n\n\n<p>En el documento, la asociaci\u00f3n expuso que \u201ces imperativo que las autoridades tomen acciones decisivas para garantizar la seguridad de los comunicadores y que la libertad de prensa sea respetada en el pa\u00eds\u201d.<\/p>\n\n\n\n<p>Asimismo, Alianza de Medios MX destac\u00f3 que a\u00fan no se ha determinado si Mart\u00ednez Noguez era el objetivo del ataque o si eran los polic\u00edas encargados de su seguridad.<\/p>\n\n\n\n<p>Por otra parte, la Sociedad Interamericana de Prensa (SIP) se sum\u00f3 al reclamo de la asociaci\u00f3n y lament\u00f3 la muerte del comunicador mexicano.<\/p>\n\n\n\n<p>El presidente del ente internacional, el periodista mexicano Roberto Rock, tambi\u00e9n exigi\u00f3 que se lleve a cabo una investigaci\u00f3n exhaustiva sobre este crimen, con el objetivo de deslindar responsabilidades y establecer el m\u00f3vil del asesinato.<\/p>\n\n\n\n<p>Jes\u00fas Pe\u00f1a Palacios, representante adjunto en M\u00e9xico de la ONU-DH, se uni\u00f3 a los reproches por este homicidio, el tercero en lo que va del a\u00f1o, y sostuvo que estos ataques contra quienes informan lesionan la democracia y el acceso a la informaci\u00f3n.<\/p>\n\n\n\n<p>\u201cJunto con los avances logrados para prevenir ataques contra periodistas y protegerles, es fundamental que las autoridades electas redoblen esfuerzos para poner fin a la violencia contra quienes ejercen el periodismo\u201d, afirm\u00f3.<\/p>\n\n\n\n<p>La organizaci\u00f3n internacional Art\u00edculo 19 tambi\u00e9n se uni\u00f3 a la condena por el asesinato de Mart\u00ednez Noguez.<\/p>\n\n\n\n<p>A trav\u00e9s de redes sociales hizo un llamado al gobierno federal y estatal a investigar este nuevo atentado contra un comunicador en M\u00e9xico.<\/p>\n\n\n\n<p>Adem\u00e1s, record\u00f3 que, en noviembre de 2022, ya se hab\u00eda documentado una tentativa de asesinato contra Mart\u00ednez.<\/p>\n\n\n\n<p>\u201cUn sujeto desconocido se present\u00f3 a su domicilio con un arma de fuego preguntando por \u00e9l, pero lograron cerrar la puerta antes de que \u00e9ste disparara. Por estos hechos, Mart\u00ednez obtuvo medidas de protecci\u00f3n federal y local\u201d, apunt\u00f3.<\/p>\n\n\n\n<p>(Informaci\u00f3n de \u201cEl Financiero\u201d)<\/p>\n","protected":false},"excerpt":{"rendered":"<p>Redacci\u00f3n\/Zona Roja Cdmx. Ciudad de M\u00e9xico, a 7 de agosto de 2024.- La asociaci\u00f3n Alianza&hellip;<\/p>\n","protected":false},"author":2,"featured_media":71142,"comment_status":"closed","ping_status":"open","sticky":false,"template":"","format":"standard","meta":{"_lmt_disableupdate":"","_lmt_disable":"","_jetpack_memberships_contains_paid_content":false,"footnotes":""},"categories":[109,47],"tags":[4019],"class_list":["post-71141","post","type-post","status-publish","format-standard","has-post-thumbnail","hentry","category-minuto-a-minuto","category-zona-gris","tag-alejandro-martinez-noguez"],"jetpack_featured_media_url":"https:\/\/zonaroja.com.mx\/wp-content\/uploads\/2024\/08\/Alejandro-Martinez-Noguez-periodista.webp","jetpack_sharing_enabled":true,"_links":{"self":[{"href":"https:\/\/zonaroja.com.mx\/index.php?rest_route=\/wp\/v2\/posts\/71141","targetHints":{"allow":["GET"]}}],"collection":[{"href":"https:\/\/zonaroja.com.mx\/index.php?rest_route=\/wp\/v2\/posts"}],"about":[{"href":"https:\/\/zonaroja.com.mx\/index.php?rest_route=\/wp\/v2\/types\/post"}],"author":[{"embeddable":true,"href":"https:\/\/zonaroja.com.mx\/index.php?rest_route=\/wp\/v2\/users\/2"}],"replies":[{"embeddable":true,"href":"https:\/\/zonaroja.com.mx\/index.php?rest_route=%2Fwp%2Fv2%2Fcomments&post=71141"}],"version-history":[{"count":1,"href":"https:\/\/zonaroja.com.mx\/index.php?rest_route=\/wp\/v2\/posts\/71141\/revisions"}],"predecessor-version":[{"id":71143,"href":"https:\/\/zonaroja.com.mx\/index.php?rest_route=\/wp\/v2\/posts\/71141\/revisions\/71143"}],"wp:featuredmedia":[{"embeddable":true,"href":"https:\/\/zonaroja.com.mx\/index.php?rest_route=\/wp\/v2\/media\/71142"}],"wp:attachment":[{"href":"https:\/\/zonaroja.com.mx\/index.php?rest_route=%2Fwp%2Fv2%2Fmedia&parent=71141"}],"wp:term":[{"taxonomy":"category","embeddable":true,"href":"https:\/\/zonaroja.com.mx\/index.php?rest_route=%2Fwp%2Fv2%2Fcategories&post=71141"},{"taxonomy":"post_tag","embeddable":true,"href":"https:\/\/zonaroja.com.mx\/index.php?rest_route=%2Fwp%2Fv2%2Ftags&post=71141"}],"curies":[{"name":"wp","href":"https:\/\/api.w.org\/{rel}","templated":true}]}}