{"id":71144,"date":"2024-08-07T07:29:03","date_gmt":"2024-08-07T13:29:03","guid":{"rendered":"https:\/\/zonaroja.com.mx\/?p=71144"},"modified":"2024-08-07T07:29:05","modified_gmt":"2024-08-07T13:29:05","slug":"alzan-la-voz-en-la-cuenca-a-favor-de-la-reforma-al-poder-judicial","status":"publish","type":"post","link":"https:\/\/zonaroja.com.mx\/?p=71144","title":{"rendered":"Alzan la voz en la Cuenca a favor de la reforma al Poder Judicial"},"content":{"rendered":"\n<p>Raymundo Morales\/Zona Roja.<\/p>\n\n\n\n<p>Oaxaca de Ju\u00e1rez, Oax., a 7 de agosto de 2024.- Municipio de la regi\u00f3n Cuenca del Papaloapan de Oaxaca alzaron la voz y las manos a favor de la reforma al Poder Judicial de la Federaci\u00f3n.<\/p>\n\n\n\n<p>En encuentros encabezados por el senador electo, Antonino Morales Toledo, dieron su aval a los cambios constitucionales que promueven el Poder Legislativo federal y el mandatario Andr\u00e9s Manuel L\u00f3pez Obrador.<\/p>\n\n\n\n<p>Durante su gira por la Cuenca, Morales Toledo subray\u00f3 la importancia de que la ciudadan\u00eda est\u00e9 informada sobre la vida pol\u00edtica del pa\u00eds y las acciones del gobierno.&nbsp;<\/p>\n\n\n\n<p>Record\u00f3 que el pasado 5 de febrero, el presidente L\u00f3pez Obrador present\u00f3 un paquete de iniciativas que incluyen la reforma al Poder Judicial, destacando la propuesta de que los ministros sean elegidos por voto popular.<\/p>\n\n\n\n<p>\u00abEs necesario que corramos la voz para platicar, dialogar y convencer a nuestros hijos, hermanos, vecinos, a todos los ciudadanos, que es importante cerrar filas en torno a esta gran reforma.&nbsp;<\/p>\n\n\n\n<p>\u201cQueremos que todos los ministros, jueces y magistrados sean elegidos por el voto popular, que vengan aqu\u00ed, a la regi\u00f3n de la Cuenca del Papaloapan, y que recorran todos los rincones, que le den la cara al pueblo, para que as\u00ed le sirvan al \u00fanico que manda, al gran soberano que es el pueblo\u00bb, enfatiz\u00f3 el pr\u00f3ximo legislador en la C\u00e1mara alta.<\/p>\n\n\n\n<p>Antonino Morales visit\u00f3 los municipios de San Lucas Ojitl\u00e1n, Loma Bonita, San Juan Bautista Tuxtepec y la agencia municipal de San Felipe T\u00edlpam, realizando asambleas informativas en cada localidad para explicar y promover la reforma judicial.<\/p>\n\n\n\n<p>El militante del Partido Morena destac\u00f3 que esta reforma busca acercar a los jueces y magistrados al pueblo, asegurando que rindan cuentas y respondan directamente al soberano.<\/p>\n","protected":false},"excerpt":{"rendered":"<p>Raymundo Morales\/Zona Roja. Oaxaca de Ju\u00e1rez, Oax., a 7 de agosto de 2024.- Municipio de&hellip;<\/p>\n","protected":false},"author":2,"featured_media":71145,"comment_status":"closed","ping_status":"open","sticky":false,"template":"","format":"standard","meta":{"_lmt_disableupdate":"","_lmt_disable":"","_jetpack_memberships_contains_paid_content":false,"footnotes":""},"categories":[109,46],"tags":[180],"class_list":["post-71144","post","type-post","status-publish","format-standard","has-post-thumbnail","hentry","category-minuto-a-minuto","category-zona-blanca","tag-antonino-morales-toledo"],"jetpack_featured_media_url":"https:\/\/zonaroja.com.mx\/wp-content\/uploads\/2024\/08\/Antonino-morales-cuenca.jpeg","jetpack_sharing_enabled":true,"_links":{"self":[{"href":"https:\/\/zonaroja.com.mx\/index.php?rest_route=\/wp\/v2\/posts\/71144","targetHints":{"allow":["GET"]}}],"collection":[{"href":"https:\/\/zonaroja.com.mx\/index.php?rest_route=\/wp\/v2\/posts"}],"about":[{"href":"https:\/\/zonaroja.com.mx\/index.php?rest_route=\/wp\/v2\/types\/post"}],"author":[{"embeddable":true,"href":"https:\/\/zonaroja.com.mx\/index.php?rest_route=\/wp\/v2\/users\/2"}],"replies":[{"embeddable":true,"href":"https:\/\/zonaroja.com.mx\/index.php?rest_route=%2Fwp%2Fv2%2Fcomments&post=71144"}],"version-history":[{"count":1,"href":"https:\/\/zonaroja.com.mx\/index.php?rest_route=\/wp\/v2\/posts\/71144\/revisions"}],"predecessor-version":[{"id":71146,"href":"https:\/\/zonaroja.com.mx\/index.php?rest_route=\/wp\/v2\/posts\/71144\/revisions\/71146"}],"wp:featuredmedia":[{"embeddable":true,"href":"https:\/\/zonaroja.com.mx\/index.php?rest_route=\/wp\/v2\/media\/71145"}],"wp:attachment":[{"href":"https:\/\/zonaroja.com.mx\/index.php?rest_route=%2Fwp%2Fv2%2Fmedia&parent=71144"}],"wp:term":[{"taxonomy":"category","embeddable":true,"href":"https:\/\/zonaroja.com.mx\/index.php?rest_route=%2Fwp%2Fv2%2Fcategories&post=71144"},{"taxonomy":"post_tag","embeddable":true,"href":"https:\/\/zonaroja.com.mx\/index.php?rest_route=%2Fwp%2Fv2%2Ftags&post=71144"}],"curies":[{"name":"wp","href":"https:\/\/api.w.org\/{rel}","templated":true}]}}