{"id":7115,"date":"2019-12-29T21:24:57","date_gmt":"2019-12-30T03:24:57","guid":{"rendered":"http:\/\/www.zonaroja.com.mx\/?p=7115"},"modified":"2019-12-29T21:40:52","modified_gmt":"2019-12-30T03:40:52","slug":"mueren-dos-vacacionistas-por-accidentes-uno-de-ellos-ahogado","status":"publish","type":"post","link":"https:\/\/zonaroja.com.mx\/?p=7115","title":{"rendered":"Mueren dos vacacionistas por accidentes, uno de ellos ahogado"},"content":{"rendered":"\n<p>Redacci\u00f3n\/Zona Roja.<\/p>\n\n\n\n<p>Oaxaca de Ju\u00e1rez, Oax., 29 de diciembre\nde 2019.- Dos personas perdieron la vida en Oaxaca este domingo, el \u00faltimo del\na\u00f1o, a causa de accidentes, uno de ellos ahogado en una presa de la regi\u00f3n de\nla Costa.<\/p>\n\n\n\n<p>En la presa del r\u00edo \u201cVerde\u201d, personal de\nProtecci\u00f3n Civil municipal de la Villa de Tututepec recuper\u00f3 esta tarde el\ncuerpo de Germ\u00e1n G. N., de 51 a\u00f1os de edad, quien falleci\u00f3 ahogado.<\/p>\n\n\n\n<p>El individuo originario de Santiago Jamiltepec\nhab\u00eda acudido por la ma\u00f1ana con su familia a disfrutar del agua; sin embargo,\nse introdujo a aguas profundas del embalse y ya no pudo salir.<\/p>\n\n\n\n<p>Por otra parte, durante la madrugada de\nhoy perdi\u00f3 la vida un ex regidor del ayuntamiento del municipio de Valle\nNacional, de la regi\u00f3n de la Cuenca.<\/p>\n\n\n\n<p>Se trata de Leobardo Santiago Bautista,\nquien se accident\u00f3 con su veh\u00edculo en la carretera federal 175,\nOaxaca-Tuxtepec, aproximadamente en el kil\u00f3metro 28, a la altura de la\ncomunidad de Santa Mar\u00eda Jacatepec; era colaborador del diputado federal Irineo\nMolina Espinosa.<\/p>\n\n\n\n<p>Y SIGUEN BALACERAS<\/p>\n\n\n\n<p>En tanto, las agresiones armadas\ncontinuaron este domingo en la entidad oaxaque\u00f1a y en la tarde de hoy un hombre\ny una mujer fueron atacados a balazos en Juchit\u00e1n de Zaragoza.<\/p>\n\n\n\n<p>Fue en la colonia Sa\u00fal Mart\u00ednez donde se\nsuscit\u00f3 el ataque, en que resultaron lesionados de gravedad un individuo\nidentificado \u00fanicamente como \u201cEl Beto\u201d y una mujer vecina de la Novena Secci\u00f3n;\nno hay personas detenidas por este caso.<\/p>\n\n\n\n<p>Un ataque similar ocurri\u00f3 durante la\nma\u00f1ana de hoy en la esquina de las calles Guadalupe Victoria y bulevar Plan de\nTuxtepec, de la colonia 5 de Mayo, de San Juan Bautista Tuxtepec; un individuo\na\u00fan no identificado formalmente, fue trasladado a un hospital, donde lo\nreportan delicado de salud.<\/p>\n","protected":false},"excerpt":{"rendered":"<p>Redacci\u00f3n\/Zona Roja. Oaxaca de Ju\u00e1rez, Oax., 29 de diciembre de 2019.- Dos personas perdieron la&hellip;<\/p>\n","protected":false},"author":2,"featured_media":7116,"comment_status":"closed","ping_status":"open","sticky":false,"template":"","format":"standard","meta":{"_lmt_disableupdate":"","_lmt_disable":"","_jetpack_memberships_contains_paid_content":false,"footnotes":""},"categories":[109,51],"tags":[1203],"class_list":["post-7115","post","type-post","status-publish","format-standard","has-post-thumbnail","hentry","category-minuto-a-minuto","category-zona-roja","tag-villa-de-tututepec"],"jetpack_featured_media_url":"https:\/\/zonaroja.com.mx\/wp-content\/uploads\/2019\/12\/85c1811b-8c3c-4d3c-bfa4-070ee689a1fc.jpg","jetpack_sharing_enabled":true,"_links":{"self":[{"href":"https:\/\/zonaroja.com.mx\/index.php?rest_route=\/wp\/v2\/posts\/7115","targetHints":{"allow":["GET"]}}],"collection":[{"href":"https:\/\/zonaroja.com.mx\/index.php?rest_route=\/wp\/v2\/posts"}],"about":[{"href":"https:\/\/zonaroja.com.mx\/index.php?rest_route=\/wp\/v2\/types\/post"}],"author":[{"embeddable":true,"href":"https:\/\/zonaroja.com.mx\/index.php?rest_route=\/wp\/v2\/users\/2"}],"replies":[{"embeddable":true,"href":"https:\/\/zonaroja.com.mx\/index.php?rest_route=%2Fwp%2Fv2%2Fcomments&post=7115"}],"version-history":[{"count":1,"href":"https:\/\/zonaroja.com.mx\/index.php?rest_route=\/wp\/v2\/posts\/7115\/revisions"}],"predecessor-version":[{"id":7117,"href":"https:\/\/zonaroja.com.mx\/index.php?rest_route=\/wp\/v2\/posts\/7115\/revisions\/7117"}],"wp:featuredmedia":[{"embeddable":true,"href":"https:\/\/zonaroja.com.mx\/index.php?rest_route=\/wp\/v2\/media\/7116"}],"wp:attachment":[{"href":"https:\/\/zonaroja.com.mx\/index.php?rest_route=%2Fwp%2Fv2%2Fmedia&parent=7115"}],"wp:term":[{"taxonomy":"category","embeddable":true,"href":"https:\/\/zonaroja.com.mx\/index.php?rest_route=%2Fwp%2Fv2%2Fcategories&post=7115"},{"taxonomy":"post_tag","embeddable":true,"href":"https:\/\/zonaroja.com.mx\/index.php?rest_route=%2Fwp%2Fv2%2Ftags&post=7115"}],"curies":[{"name":"wp","href":"https:\/\/api.w.org\/{rel}","templated":true}]}}