{"id":71150,"date":"2024-08-07T12:05:00","date_gmt":"2024-08-07T18:05:00","guid":{"rendered":"https:\/\/zonaroja.com.mx\/?p=71150"},"modified":"2024-08-07T08:18:59","modified_gmt":"2024-08-07T14:18:59","slug":"inician-segunda-fase-de-rehabilitacion-de-la-alameda-de-leon","status":"publish","type":"post","link":"https:\/\/zonaroja.com.mx\/?p=71150","title":{"rendered":"Inician segunda fase de rehabilitaci\u00f3n de la Alameda de Le\u00f3n"},"content":{"rendered":"\n<p>Redacci\u00f3n\/Zona Roja.<\/p>\n\n\n\n<p>Oaxaca de Ju\u00e1rez, Oax., a 6 de agosto de 2024.- Priorizando la accesibilidad universal y la responsabilidad ante la conservaci\u00f3n de un Centro Hist\u00f3rico nombrado Patrimonio Mundial por la UNESCO, el gobierno municipal de Oaxaca de Ju\u00e1rez inici\u00f3 la segunda fase de rehabilitaci\u00f3n de la Alameda de Le\u00f3n.<\/p>\n\n\n\n<p>La obra contempla el aprovechamiento de la cantera en buen estado y homologar el dise\u00f1o arquitect\u00f3nico con el que se coloc\u00f3 en la primera etapa de la obra, de tal suerte que toda la explanada de la Alameda resulte en una sola unidad visual y arquitect\u00f3nica otorgando a la ciudadan\u00eda oaxaque\u00f1a un espacio de libre tr\u00e1nsito peatonal y de esparcimiento. &nbsp;<\/p>\n\n\n\n<p>Los trabajos son coordinados con el Instituto Nacional de Antropolog\u00eda e Historia (INAH) y han seguido el proceso licitatorio correspondiente, por lo que es un trabajo que cumple con toda la normatividad inherente a la intervenci\u00f3n de un centro hist\u00f3rico.&nbsp;<\/p>\n\n\n\n<p>La inversi\u00f3n en esta obra de rehabilitaci\u00f3n de la Alameda ronda los ocho millones de pesos y ser\u00e1 ejecutada conforme al calendario pactado con la empresa.<\/p>\n\n\n\n<p>El resultado de esta obra ser\u00e1 un legado para quienes habitan en la ciudad de Oaxaca y para los miles de visitantes que cada a\u00f1o vienen a conocer nuestro patrimonio.<\/p>\n","protected":false},"excerpt":{"rendered":"<p>Redacci\u00f3n\/Zona Roja. Oaxaca de Ju\u00e1rez, Oax., a 6 de agosto de 2024.- Priorizando la accesibilidad&hellip;<\/p>\n","protected":false},"author":2,"featured_media":71151,"comment_status":"closed","ping_status":"open","sticky":false,"template":"","format":"standard","meta":{"_lmt_disableupdate":"","_lmt_disable":"","_jetpack_memberships_contains_paid_content":false,"footnotes":""},"categories":[109,46],"tags":[148],"class_list":["post-71150","post","type-post","status-publish","format-standard","has-post-thumbnail","hentry","category-minuto-a-minuto","category-zona-blanca","tag-oaxaca-de-juarez"],"jetpack_featured_media_url":"https:\/\/zonaroja.com.mx\/wp-content\/uploads\/2024\/08\/Rehabilitacion-Alameda-de-Leon.jpg","jetpack_sharing_enabled":true,"_links":{"self":[{"href":"https:\/\/zonaroja.com.mx\/index.php?rest_route=\/wp\/v2\/posts\/71150","targetHints":{"allow":["GET"]}}],"collection":[{"href":"https:\/\/zonaroja.com.mx\/index.php?rest_route=\/wp\/v2\/posts"}],"about":[{"href":"https:\/\/zonaroja.com.mx\/index.php?rest_route=\/wp\/v2\/types\/post"}],"author":[{"embeddable":true,"href":"https:\/\/zonaroja.com.mx\/index.php?rest_route=\/wp\/v2\/users\/2"}],"replies":[{"embeddable":true,"href":"https:\/\/zonaroja.com.mx\/index.php?rest_route=%2Fwp%2Fv2%2Fcomments&post=71150"}],"version-history":[{"count":1,"href":"https:\/\/zonaroja.com.mx\/index.php?rest_route=\/wp\/v2\/posts\/71150\/revisions"}],"predecessor-version":[{"id":71152,"href":"https:\/\/zonaroja.com.mx\/index.php?rest_route=\/wp\/v2\/posts\/71150\/revisions\/71152"}],"wp:featuredmedia":[{"embeddable":true,"href":"https:\/\/zonaroja.com.mx\/index.php?rest_route=\/wp\/v2\/media\/71151"}],"wp:attachment":[{"href":"https:\/\/zonaroja.com.mx\/index.php?rest_route=%2Fwp%2Fv2%2Fmedia&parent=71150"}],"wp:term":[{"taxonomy":"category","embeddable":true,"href":"https:\/\/zonaroja.com.mx\/index.php?rest_route=%2Fwp%2Fv2%2Fcategories&post=71150"},{"taxonomy":"post_tag","embeddable":true,"href":"https:\/\/zonaroja.com.mx\/index.php?rest_route=%2Fwp%2Fv2%2Ftags&post=71150"}],"curies":[{"name":"wp","href":"https:\/\/api.w.org\/{rel}","templated":true}]}}