{"id":71161,"date":"2024-08-07T20:40:48","date_gmt":"2024-08-08T02:40:48","guid":{"rendered":"https:\/\/zonaroja.com.mx\/?p=71161"},"modified":"2024-08-07T20:40:50","modified_gmt":"2024-08-08T02:40:50","slug":"ucrania-pide-a-mexico-detener-a-putin-si-viene-a-toma-de-protesta-de-sheinbaum","status":"publish","type":"post","link":"https:\/\/zonaroja.com.mx\/?p=71161","title":{"rendered":"Ucrania pide a M\u00e9xico detener a Putin si viene a toma de protesta de Sheinbaum"},"content":{"rendered":"\n<p>Redacci\u00f3n\/Zona Roja Cdmx. Foto: \u201cExpansi\u00f3n Pol\u00edtica\u201d<\/p>\n\n\n\n<p>Ciudad de M\u00e9xico, a 7 de agosto de 2024.- La Embajada de Ucrania en M\u00e9xico inform\u00f3 que Claudia Sheinbaum invit\u00f3 al presidente Volod\u00edmir Zelenski a asistir a su toma de protesta el pr\u00f3ximo 1 de octubre. Tambi\u00e9n pidi\u00f3 que el gobierno de M\u00e9xico detenga a Vladimir Putin, presidente de Rusia, en caso de que asista al evento.<\/p>\n\n\n\n<p>\u00bbPutin es un criminal de guerra, que tiene una orden de arresto bajo sospecha de secuestro y traslado forzoso de ni\u00f1os ucranianos a Rusia, emitida por la Corte Penal Internacional\u00bb, record\u00f3 la Embajada de Ucrania.<\/p>\n\n\n\n<p>\u00bbConfiamos en que el gobierno mexicano cumplir\u00eda en todo caso con la orden internacional de detenci\u00f3n, entregando al susodicho al \u00f3rgano judicial de las Naciones Unidad en La Haya\u00bb, indic\u00f3.<\/p>\n\n\n\n<p>ACTOS PROTOCOLARIOS<\/p>\n\n\n\n<p>Ante la invitaci\u00f3n a diversos mandatarios del mundo, como a Vladimir Putin, a su toma de protesta como la pr\u00f3xima presidenta de la Rep\u00fablica, Claudia Sheinbaum Pardo se\u00f1al\u00f3 que estas son solo acciones protocolarias.<\/p>\n\n\n\n<p>\u201cNo, no hay confirmaci\u00f3n y es algo que normalmente se hace y es la pol\u00edtica exterior de M\u00e9xico\u201d, dijo.<\/p>\n\n\n\n<p>El pr\u00f3ximo secretario de Relaciones Exteriores, Juan Ram\u00f3n de la Fuente, explic\u00f3 que estas invitaciones son \u201cnotas diplom\u00e1ticas\u201d para anunciar que en M\u00e9xico habr\u00e1 un cambio en la Presidencia.<\/p>\n\n\n\n<p>\u201cSe trata de una pr\u00e1ctica protocolaria que consiste fundamentalmente en que se env\u00eda una nota diplom\u00e1tica a todos los pa\u00edses con los que M\u00e9xico tiene relaciones sin hacer exclusiones. Una vez que se env\u00eda esta nota diplom\u00e1tica, hay una reacci\u00f3n por parte de los pa\u00edses y entonces ah\u00ed ya se empieza a ver en m\u00e1s detalle qui\u00e9n va a venir como responsable o como jefe de esa misi\u00f3n al evento\u201d, coment\u00f3 el pr\u00f3ximo canciller.<\/p>\n\n\n\n<p>En conferencia, se\u00f1al\u00f3 que tambi\u00e9n se hizo porque hay una \u201cgran expectativa\u201d sobre la toma de protesta de Claudia Sheinbaum, pues dijo que el d\u00eda de las elecciones peri\u00f3dicos internacionales celebraron el triunfo de la morenista.<\/p>\n\n\n\n<p>\u201cLa verdad es que los grandes titulares de los peri\u00f3dicos de los medios en todo el mundo celebraron algunos con mucho entusiasmo y otros quiz\u00e1 con asombro, pero todos celebraron el triunfo arrollador que tuvo la doctora Sheinbaum\u201d, mencion\u00f3.<\/p>\n\n\n\n<p>Coment\u00f3 que a\u00fan no saben qu\u00e9 mandatarios mundiales vendr\u00e1n a M\u00e9xico, pero se\u00f1al\u00f3 que tienen gran expectativa de que vengan \u201cun buen n\u00famero de mandatarias a la toma de posesi\u00f3n y tenemos que ir viendo cada pa\u00eds decide a qui\u00e9n manda\u201d.<\/p>\n\n\n\n<p>LA INVITACI\u00d3N<\/p>\n\n\n\n<p>El presidente ruso, Vladimir Putin, fue invitado a la toma de protesta de Claudia Sheinbaum Pardo como la primera presidenta en la historia de M\u00e9xico.<\/p>\n\n\n\n<p>De acuerdo con la agencia estatal rusa de noticias, TACC, el presidente ruso decidir\u00e1 si participar\u00e1 en la ceremonia \u00e9l mismo o nombrar\u00e1 a otro funcionario de alto rango que lo haga en su nombre.<\/p>\n\n\n\n<p>La Embajada de Rusia en la Ciudad de M\u00e9xico inform\u00f3 a TACC que \u00abla invitaci\u00f3n a la ceremonia de toma de posesi\u00f3n de la presidenta de M\u00e9xico ha sido recibida por la parte rusa\u00bb.<\/p>\n\n\n\n<p>En 2023, la Corte Penal Internacional (CPI) emiti\u00f3 \u00f3rdenes de detenci\u00f3n contra el presidente Vladimir Putin y Maria Lvova-Belova, comisionada rusa para los derechos de la infancia, por cr\u00edmenes de guerra ocurridos durante la invasi\u00f3n de Rusia a Ucrania.<\/p>\n\n\n\n<p>La agencia estatal rusa se\u00f1ala que M\u00e9xico est\u00e1 sujeto a la jurisdicci\u00f3n de la Corte Penal Internacional (CPI), por lo que la visita de Putin podr\u00eda complicarse.<\/p>\n\n\n\n<p>Putin ha felicitado ya a Sheinbaum por su triunfo en el proceso electoral de junio.<\/p>\n\n\n\n<p>En meses recientes, el mandatario ruso se\u00f1al\u00f3 que M\u00e9xico es \u00abun socio tradicionalmente amistoso de Rusia en la regi\u00f3n latinoamericana\u00bb.<\/p>\n\n\n\n<p>Sheinbaum recibir\u00e1 la banda presidencial por parte del presidente Andr\u00e9s Manuel L\u00f3pez Obrador el 1 de octubre de este a\u00f1o.<\/p>\n\n\n\n<p>En mayo de este a\u00f1o, Vladimir Putin jur\u00f3 su quinto mandato como presidente de Rusia, hasta 2030, con un llamado a sus compatriotas a vencer \u00abjuntos\u00bb en el conflicto de Ucrania.<\/p>\n\n\n\n<p>La reelecci\u00f3n con m\u00e1s del 87% de los votos sirvi\u00f3 a Putin para evocar la imagen de una Rusia \u00abunida\u00bb detr\u00e1s de \u00e9l y de su Ej\u00e9rcito.<\/p>\n\n\n\n<p>Las principales figuras de la oposici\u00f3n rusa est\u00e1n ahora en el exilio o la c\u00e1rcel, al igual que cientos de ciudadanos que han expresado su rechazo a la ofensiva de Mosc\u00fa contra Kiev.<\/p>\n\n\n\n<p>El Kremlin tambi\u00e9n aument\u00f3 la represi\u00f3n de las minor\u00edas sexuales, ya que afirma que defiende los \u00abvalores tradicionales\u00bb frente un Occidente al que considera degenerado.<\/p>\n\n\n\n<p>(Con informaci\u00f3n de Reuters y AFP, en \u201cExpansi\u00f3n Pol\u00edtica\u201d)<\/p>\n","protected":false},"excerpt":{"rendered":"<p>Redacci\u00f3n\/Zona Roja Cdmx. Foto: \u201cExpansi\u00f3n Pol\u00edtica\u201d Ciudad de M\u00e9xico, a 7 de agosto de 2024.-&hellip;<\/p>\n","protected":false},"author":2,"featured_media":71162,"comment_status":"closed","ping_status":"open","sticky":false,"template":"","format":"standard","meta":{"_lmt_disableupdate":"","_lmt_disable":"","_jetpack_memberships_contains_paid_content":false,"footnotes":""},"categories":[109,47],"tags":[3370],"class_list":["post-71161","post","type-post","status-publish","format-standard","has-post-thumbnail","hentry","category-minuto-a-minuto","category-zona-gris","tag-claudia-sheinbaum"],"jetpack_featured_media_url":"https:\/\/zonaroja.com.mx\/wp-content\/uploads\/2024\/08\/Claudia-Sheinbaum-Putin.webp","jetpack_sharing_enabled":true,"_links":{"self":[{"href":"https:\/\/zonaroja.com.mx\/index.php?rest_route=\/wp\/v2\/posts\/71161","targetHints":{"allow":["GET"]}}],"collection":[{"href":"https:\/\/zonaroja.com.mx\/index.php?rest_route=\/wp\/v2\/posts"}],"about":[{"href":"https:\/\/zonaroja.com.mx\/index.php?rest_route=\/wp\/v2\/types\/post"}],"author":[{"embeddable":true,"href":"https:\/\/zonaroja.com.mx\/index.php?rest_route=\/wp\/v2\/users\/2"}],"replies":[{"embeddable":true,"href":"https:\/\/zonaroja.com.mx\/index.php?rest_route=%2Fwp%2Fv2%2Fcomments&post=71161"}],"version-history":[{"count":1,"href":"https:\/\/zonaroja.com.mx\/index.php?rest_route=\/wp\/v2\/posts\/71161\/revisions"}],"predecessor-version":[{"id":71163,"href":"https:\/\/zonaroja.com.mx\/index.php?rest_route=\/wp\/v2\/posts\/71161\/revisions\/71163"}],"wp:featuredmedia":[{"embeddable":true,"href":"https:\/\/zonaroja.com.mx\/index.php?rest_route=\/wp\/v2\/media\/71162"}],"wp:attachment":[{"href":"https:\/\/zonaroja.com.mx\/index.php?rest_route=%2Fwp%2Fv2%2Fmedia&parent=71161"}],"wp:term":[{"taxonomy":"category","embeddable":true,"href":"https:\/\/zonaroja.com.mx\/index.php?rest_route=%2Fwp%2Fv2%2Fcategories&post=71161"},{"taxonomy":"post_tag","embeddable":true,"href":"https:\/\/zonaroja.com.mx\/index.php?rest_route=%2Fwp%2Fv2%2Ftags&post=71161"}],"curies":[{"name":"wp","href":"https:\/\/api.w.org\/{rel}","templated":true}]}}