{"id":71167,"date":"2024-08-08T06:36:06","date_gmt":"2024-08-08T12:36:06","guid":{"rendered":"https:\/\/zonaroja.com.mx\/?p=71167"},"modified":"2024-08-08T06:36:07","modified_gmt":"2024-08-08T12:36:07","slug":"logran-acuerdos-ayuntamiento-de-la-capital-y-sindicato-autonomo","status":"publish","type":"post","link":"https:\/\/zonaroja.com.mx\/?p=71167","title":{"rendered":"Logran acuerdos ayuntamiento de la capital y Sindicato Aut\u00f3nomo"},"content":{"rendered":"\n<p>Redacci\u00f3n\/Zona Roja.<\/p>\n\n\n\n<p>Oaxaca de Ju\u00e1rez, Oax., a 8 de agosto de 2024.- El presidente municipal de Oaxaca de Ju\u00e1rez, Francisco Mart\u00ednez Neri, encabez\u00f3 la firma de la minuta de acuerdo con representantes del Sindicato Aut\u00f3nomo, con lo que se dio una respuesta positiva a la base trabajadora adherida a este sindicato.&nbsp;<\/p>\n\n\n\n<p>En el Sal\u00f3n Expresidentes, el edil capitalino reafirm\u00f3 el compromiso de dar atenci\u00f3n a las diversas solicitudes planteadas por la base trabajadora, con la finalidad, dijo, de dar continuidad a los proyectos fijados en beneficio de la poblaci\u00f3n capitalina.&nbsp;<\/p>\n\n\n\n<p>Acompa\u00f1ado de la s\u00edndica Primera, Nancy Mota Figueroa, el primer concejal expres\u00f3: \u201ccomo autoridad, es muy grato que el d\u00eda de hoy hayamos concretado este acuerdo y que podamos continuar ofreciendo nuestra labor que es muy importante para la ciudadan\u00eda\u201d.&nbsp;<\/p>\n\n\n\n<p>As\u00ed mismo el edil manifest\u00f3 que este acuerdo muestra la voluntad de ambas partes por encontrar coincidencias, y que el gobierno municipal hizo un gran esfuerzo para dar respuesta a los planteamientos de los sindicalizados sin perder de vista que la prioridad en la ejecuci\u00f3n de los recursos p\u00fablicos debe ser atender las necesidades de la ciudadan\u00eda. &nbsp;<\/p>\n\n\n\n<p>Por su parte, el representante del Sindicato Aut\u00f3nomo, Fortino Cruz, reiter\u00f3 su disposici\u00f3n de trabajar de manera colaborativa y mostr\u00f3 el benepl\u00e1cito por haber formalizado los acuerdos fijados para beneficio de la base de trabajadores del Sindicato Aut\u00f3nomo.&nbsp;<\/p>\n\n\n\n<p>En la firma del acuerdo tambi\u00e9n estuvo presente el consejero Jur\u00eddico del Ayuntamiento de Oaxaca de Ju\u00e1rez, Dagoberto Carre\u00f1o Gopar; el titular de la secretar\u00eda de Recursos Humanos y Materiales, Jos\u00e9 Antonio S\u00e1nchez Cortez, entre otras personas servidoras p\u00fablicas municipales.<\/p>\n","protected":false},"excerpt":{"rendered":"<p>Redacci\u00f3n\/Zona Roja. Oaxaca de Ju\u00e1rez, Oax., a 8 de agosto de 2024.- El presidente municipal&hellip;<\/p>\n","protected":false},"author":2,"featured_media":71168,"comment_status":"closed","ping_status":"open","sticky":false,"template":"","format":"standard","meta":{"_lmt_disableupdate":"","_lmt_disable":"","_jetpack_memberships_contains_paid_content":false,"footnotes":""},"categories":[109,46],"tags":[148],"class_list":["post-71167","post","type-post","status-publish","format-standard","has-post-thumbnail","hentry","category-minuto-a-minuto","category-zona-blanca","tag-oaxaca-de-juarez"],"jetpack_featured_media_url":"https:\/\/zonaroja.com.mx\/wp-content\/uploads\/2024\/08\/Convenio-ayuntamiento-Neri-Sindicato-Autonomo.jpeg","jetpack_sharing_enabled":true,"_links":{"self":[{"href":"https:\/\/zonaroja.com.mx\/index.php?rest_route=\/wp\/v2\/posts\/71167","targetHints":{"allow":["GET"]}}],"collection":[{"href":"https:\/\/zonaroja.com.mx\/index.php?rest_route=\/wp\/v2\/posts"}],"about":[{"href":"https:\/\/zonaroja.com.mx\/index.php?rest_route=\/wp\/v2\/types\/post"}],"author":[{"embeddable":true,"href":"https:\/\/zonaroja.com.mx\/index.php?rest_route=\/wp\/v2\/users\/2"}],"replies":[{"embeddable":true,"href":"https:\/\/zonaroja.com.mx\/index.php?rest_route=%2Fwp%2Fv2%2Fcomments&post=71167"}],"version-history":[{"count":1,"href":"https:\/\/zonaroja.com.mx\/index.php?rest_route=\/wp\/v2\/posts\/71167\/revisions"}],"predecessor-version":[{"id":71169,"href":"https:\/\/zonaroja.com.mx\/index.php?rest_route=\/wp\/v2\/posts\/71167\/revisions\/71169"}],"wp:featuredmedia":[{"embeddable":true,"href":"https:\/\/zonaroja.com.mx\/index.php?rest_route=\/wp\/v2\/media\/71168"}],"wp:attachment":[{"href":"https:\/\/zonaroja.com.mx\/index.php?rest_route=%2Fwp%2Fv2%2Fmedia&parent=71167"}],"wp:term":[{"taxonomy":"category","embeddable":true,"href":"https:\/\/zonaroja.com.mx\/index.php?rest_route=%2Fwp%2Fv2%2Fcategories&post=71167"},{"taxonomy":"post_tag","embeddable":true,"href":"https:\/\/zonaroja.com.mx\/index.php?rest_route=%2Fwp%2Fv2%2Ftags&post=71167"}],"curies":[{"name":"wp","href":"https:\/\/api.w.org\/{rel}","templated":true}]}}