{"id":71179,"date":"2024-08-08T11:24:00","date_gmt":"2024-08-08T17:24:00","guid":{"rendered":"https:\/\/zonaroja.com.mx\/?p=71179"},"modified":"2024-08-08T07:27:59","modified_gmt":"2024-08-08T13:27:59","slug":"grupos-armados-recorren-chiapas-y-anuncian-que-enfrentaran-a-narcos","status":"publish","type":"post","link":"https:\/\/zonaroja.com.mx\/?p=71179","title":{"rendered":"Grupos armados recorren Chiapas y anuncian que enfrentar\u00e1n a narcos"},"content":{"rendered":"\n<p>Redacci\u00f3n\/Zona Roja Cdmx.<\/p>\n\n\n\n<p>Ciudad de M\u00e9xico, a 8 de agosto de 2024.- Grupos de hombres armados recorrieron en caravana, a pie y en veh\u00edculos las cabeceras de algunos municipios ubicados en la zona norte del estado de Chiapas para advertir que no permitir\u00e1n el ingreso de c\u00e1rteles de la droga.<\/p>\n\n\n\n<p>Seg\u00fan videos difundidos en redes sociales lo anterior habr\u00eda ocurrido la noche del martes en Solosuchiapa, Ixhuat\u00e1n, Tapilula y Ray\u00f3n, aunque no se precis\u00f3 si en todas o s\u00f3lo en algunas de estas localidades hicieron el despliegue los hombres armados y encapuchados.<\/p>\n\n\n\n<p>Al cierre de la edici\u00f3n, ninguna autoridad hab\u00eda informado oficialmente al respecto.<\/p>\n\n\n\n<p>Por otra parte, tambi\u00e9n fue divulgada una grabaci\u00f3n en la que se observa c\u00f3mo presuntos sicarios del grupo denominado \u201cLos Herrera\u201d le cortan el cuello con un machete a un miembro de las autodefensas \u201cEl Machete\u201d de Pantelh\u00f3, Chiapas.<\/p>\n\n\n\n<p>Presumiblemente el hombre ya estaba muerto, semidesnudo, tirado en el suelo, cuando un sujeto lo degoll\u00f3, mientras otro le sosten\u00eda la cabeza por los cabellos y despu\u00e9s la muestra como trofeo. Luego le sacaron un ri\u00f1\u00f3n y le cortaron una mano.<\/p>\n\n\n\n<p>Integrantes de \u201cLos Herrera\u201d y de \u201cEl Machete\u201d se disputan el poder en Pantelh\u00f3, pero la lucha ya se extendi\u00f3 a poblaciones aleda\u00f1as pertenecientes al vecino Chenalh\u00f3. La violencia en la zona ha ocasionado el desplazamiento de decenas de familias en las semanas recientes.<\/p>\n\n\n\n<p>(Informaci\u00f3n de \u201cLa Jornada\u201d)<\/p>\n","protected":false},"excerpt":{"rendered":"<p>Redacci\u00f3n\/Zona Roja Cdmx. Ciudad de M\u00e9xico, a 8 de agosto de 2024.- Grupos de hombres&hellip;<\/p>\n","protected":false},"author":2,"featured_media":71180,"comment_status":"closed","ping_status":"open","sticky":false,"template":"","format":"standard","meta":{"_lmt_disableupdate":"","_lmt_disable":"","_jetpack_memberships_contains_paid_content":false,"footnotes":""},"categories":[109,46],"tags":[3686],"class_list":["post-71179","post","type-post","status-publish","format-standard","has-post-thumbnail","hentry","category-minuto-a-minuto","category-zona-blanca","tag-crimen-organizado-en-chiapas"],"jetpack_featured_media_url":"https:\/\/zonaroja.com.mx\/wp-content\/uploads\/2024\/08\/Grupos-armados-recorren-chiapas.jpg","jetpack_sharing_enabled":true,"_links":{"self":[{"href":"https:\/\/zonaroja.com.mx\/index.php?rest_route=\/wp\/v2\/posts\/71179","targetHints":{"allow":["GET"]}}],"collection":[{"href":"https:\/\/zonaroja.com.mx\/index.php?rest_route=\/wp\/v2\/posts"}],"about":[{"href":"https:\/\/zonaroja.com.mx\/index.php?rest_route=\/wp\/v2\/types\/post"}],"author":[{"embeddable":true,"href":"https:\/\/zonaroja.com.mx\/index.php?rest_route=\/wp\/v2\/users\/2"}],"replies":[{"embeddable":true,"href":"https:\/\/zonaroja.com.mx\/index.php?rest_route=%2Fwp%2Fv2%2Fcomments&post=71179"}],"version-history":[{"count":1,"href":"https:\/\/zonaroja.com.mx\/index.php?rest_route=\/wp\/v2\/posts\/71179\/revisions"}],"predecessor-version":[{"id":71181,"href":"https:\/\/zonaroja.com.mx\/index.php?rest_route=\/wp\/v2\/posts\/71179\/revisions\/71181"}],"wp:featuredmedia":[{"embeddable":true,"href":"https:\/\/zonaroja.com.mx\/index.php?rest_route=\/wp\/v2\/media\/71180"}],"wp:attachment":[{"href":"https:\/\/zonaroja.com.mx\/index.php?rest_route=%2Fwp%2Fv2%2Fmedia&parent=71179"}],"wp:term":[{"taxonomy":"category","embeddable":true,"href":"https:\/\/zonaroja.com.mx\/index.php?rest_route=%2Fwp%2Fv2%2Fcategories&post=71179"},{"taxonomy":"post_tag","embeddable":true,"href":"https:\/\/zonaroja.com.mx\/index.php?rest_route=%2Fwp%2Fv2%2Ftags&post=71179"}],"curies":[{"name":"wp","href":"https:\/\/api.w.org\/{rel}","templated":true}]}}