{"id":7118,"date":"2019-12-29T21:44:01","date_gmt":"2019-12-30T03:44:01","guid":{"rendered":"http:\/\/www.zonaroja.com.mx\/?p=7118"},"modified":"2019-12-29T21:44:04","modified_gmt":"2019-12-30T03:44:04","slug":"vuelcan-apoyos-en-concierto-todossomosmariaelena-a-favor-de-saxofonista","status":"publish","type":"post","link":"https:\/\/zonaroja.com.mx\/?p=7118","title":{"rendered":"Vuelcan apoyos en concierto #TodosSomosMar\u00edaElena a favor de saxofonista"},"content":{"rendered":"\n<p>Ismael Garc\u00eda M.\/Zona Roja. <\/p>\n\n\n\n<p>Oaxaca de Ju\u00e1rez, Oax., 29 de diciembre\nde 2019.- El peque\u00f1o espacio al lado del kiosco no fue impedimento para que\ncientos de personas se reunieran la noche de este domingo a favor de la joven\nsaxofonista.<\/p>\n\n\n\n<p>Desde monedas o billetes hasta obra\ngr\u00e1fica, no faltaron los apoyos econ\u00f3micos y materiales en el concierto\n#TodosSomosMar\u00edaElena, para quien fuera agredida con \u00e1cido el 9 de septiembre\npasado.<\/p>\n\n\n\n<p>\u201cEstoy aqu\u00ed hoy por mi madre, por mi esposa, por mis hermanas, por mis amigas; estoy aqu\u00ed hoy porque quiero que ninguna otra mujer vuelva a vivir una atrocidad como el que le hicieron a Mar\u00eda Elena\u201d.<\/p>\n\n\n\n<figure class=\"wp-block-embed-twitter wp-block-embed is-type-rich is-provider-twitter\"><div class=\"wp-block-embed__wrapper\">\n<div class=\"twitter-tweet\"><blockquote class=\"twitter-tweet\" data-lang=\"es\"><p lang=\"es\" dir=\"ltr\"><a href=\"https:\/\/twitter.com\/hashtag\/OaxacaRosa?src=hash&amp;ref_src=twsrc%5Etfw\">#OaxacaRosa<\/a><a href=\"https:\/\/twitter.com\/hashtag\/TodosSomosMar%C3%ADaElena?src=hash&amp;ref_src=twsrc%5Etfw\">#TodosSomosMar\u00edaElena<\/a><br>De muchas formas, incluyendo la donaci\u00f3n de obra gr\u00e1fica, cientos de personas se sumaron esta noche en la capital oaxaque\u00f1a al concierto y a la cooperaci\u00f3n a favor de la joven saxofonista Mar\u00eda Elena R\u00edos Ortiz. <a href=\"https:\/\/t.co\/kYemjR0OZK\">pic.twitter.com\/kYemjR0OZK<\/a><\/p>&mdash; Zona Roja Oaxaca (@MexRoja) <a href=\"https:\/\/twitter.com\/MexRoja\/status\/1211481002826223616?ref_src=twsrc%5Etfw\">30 de diciembre de 2019<\/a><\/blockquote><\/div>\n<\/div><\/figure>\n\n\n\n<p>Eso dijo el ciudadano Alejandro Garc\u00eda\nL\u00f3pez, quien subi\u00f3 al estrado de solistas y grupos musicales que participaron\nen la audici\u00f3n, para anunciar la donaci\u00f3n de dos obras gr\u00e1ficas.<\/p>\n\n\n\n<p>Un linotipo de Dami\u00e1n Lescas y otro de\nFrancisco Solano, con un valor aproximado de 20 mil pesos de ambos, mismos que\npuso a disposici\u00f3n de los organizadores para que fueran subastados.<\/p>\n\n\n\n<p>\u201cEstamos aqu\u00ed para que esta causa no se olvide, tenemos que demostrarle a nuestras autoridades que los oaxaque\u00f1os tenemos verg\u00fcenza, tenemos dignidad; que si ellos le apuestan al olvido, al aburrimiento, se equivocan, no nos vamos a cansar de exigir justicia para Mar\u00eda Elena\u201d, dijo.<\/p>\n\n\n\n<figure class=\"wp-block-embed-twitter wp-block-embed is-type-rich is-provider-twitter\"><div class=\"wp-block-embed__wrapper\">\n<div class=\"twitter-tweet\"><blockquote class=\"twitter-tweet\" data-lang=\"es\"><p lang=\"es\" dir=\"ltr\"><a href=\"https:\/\/twitter.com\/hashtag\/OaxacaRosa?src=hash&amp;ref_src=twsrc%5Etfw\">#OaxacaRosa<\/a><a href=\"https:\/\/twitter.com\/hashtag\/TodosSomosMar%C3%ADaElena?src=hash&amp;ref_src=twsrc%5Etfw\">#TodosSomosMar\u00edaElena<\/a>. Bajo esa etiqueta, esta noche se lleva a cabo un concierto en honor y a fin de recaudar recursos para apoyar a la joven saxofonista, agredida el 9 de septiembre pasado en Huajuapan de Le\u00f3n. <a href=\"https:\/\/t.co\/entOvP7iIb\">pic.twitter.com\/entOvP7iIb<\/a><\/p>&mdash; Zona Roja Oaxaca (@MexRoja) <a href=\"https:\/\/twitter.com\/MexRoja\/status\/1211453065254932480?ref_src=twsrc%5Etfw\">30 de diciembre de 2019<\/a><\/blockquote><\/div>\n<\/div><\/figure>\n\n\n\n<p>Varios artistas se sumaron a la causa,\ncomo la joven Mylzher, el tr\u00edo \u201cAndares\u201d, \u201cFantas\u00eda Musical\u201d de Santa Catarina\nJuquila, Esa\u00fa Portador, entre otros.<\/p>\n\n\n\n<p>El concierto inici\u00f3 a las seis de la\ntarde y culmin\u00f3 alrededor de las 10 de la noche; el dinero recaudado ser\u00e1\nentregado a los familiares de Mar\u00eda Elena, para apoyar su recuperaci\u00f3n f\u00edsica.<\/p>\n\n\n\n<p>\u201cCada peso que donaron, es muy necesario, nos ayuda mucho y con ese granito de arena apoyaremos a Mar\u00eda Elena\u201d, dijo Mylzher.<\/p>\n\n\n\n<figure class=\"wp-block-embed-twitter wp-block-embed is-type-rich is-provider-twitter\"><div class=\"wp-block-embed__wrapper\">\n<div class=\"twitter-tweet\"><blockquote class=\"twitter-tweet\" data-lang=\"es\"><p lang=\"es\" dir=\"ltr\"><a href=\"https:\/\/twitter.com\/hashtag\/ENVIVO?src=hash&amp;ref_src=twsrc%5Etfw\">#ENVIVO<\/a><br>Oaxaca de Ju\u00e1rez, Oax., 29 de diciembre de 2019.- Concierto musical en el z\u00f3calo capitalino para recaudar fondos a favor de la saxofonista Mar\u00eda Elena R\u00edos Ortiz. <br>\ud83d\udc47<a href=\"https:\/\/t.co\/R2f3mudRp0\">https:\/\/t.co\/R2f3mudRp0<\/a> <a href=\"https:\/\/t.co\/pYv4prJqZq\">pic.twitter.com\/pYv4prJqZq<\/a><\/p>&mdash; Zona Roja Oaxaca (@MexRoja) <a href=\"https:\/\/twitter.com\/MexRoja\/status\/1211445407756120064?ref_src=twsrc%5Etfw\">30 de diciembre de 2019<\/a><\/blockquote><\/div>\n<\/div><\/figure>\n","protected":false},"excerpt":{"rendered":"<p>Ismael Garc\u00eda M.\/Zona Roja. Oaxaca de Ju\u00e1rez, Oax., 29 de diciembre de 2019.- El peque\u00f1o&hellip;<\/p>\n","protected":false},"author":2,"featured_media":7119,"comment_status":"closed","ping_status":"open","sticky":false,"template":"","format":"standard","meta":{"_lmt_disableupdate":"","_lmt_disable":"","_jetpack_memberships_contains_paid_content":false,"footnotes":""},"categories":[109,46],"tags":[1124],"class_list":["post-7118","post","type-post","status-publish","format-standard","has-post-thumbnail","hentry","category-minuto-a-minuto","category-zona-blanca","tag-maria-elena-rios-ortiz"],"jetpack_featured_media_url":"https:\/\/zonaroja.com.mx\/wp-content\/uploads\/2019\/12\/Concierto-Mar\u00eda-Elena.jpg","jetpack_sharing_enabled":true,"_links":{"self":[{"href":"https:\/\/zonaroja.com.mx\/index.php?rest_route=\/wp\/v2\/posts\/7118","targetHints":{"allow":["GET"]}}],"collection":[{"href":"https:\/\/zonaroja.com.mx\/index.php?rest_route=\/wp\/v2\/posts"}],"about":[{"href":"https:\/\/zonaroja.com.mx\/index.php?rest_route=\/wp\/v2\/types\/post"}],"author":[{"embeddable":true,"href":"https:\/\/zonaroja.com.mx\/index.php?rest_route=\/wp\/v2\/users\/2"}],"replies":[{"embeddable":true,"href":"https:\/\/zonaroja.com.mx\/index.php?rest_route=%2Fwp%2Fv2%2Fcomments&post=7118"}],"version-history":[{"count":1,"href":"https:\/\/zonaroja.com.mx\/index.php?rest_route=\/wp\/v2\/posts\/7118\/revisions"}],"predecessor-version":[{"id":7120,"href":"https:\/\/zonaroja.com.mx\/index.php?rest_route=\/wp\/v2\/posts\/7118\/revisions\/7120"}],"wp:featuredmedia":[{"embeddable":true,"href":"https:\/\/zonaroja.com.mx\/index.php?rest_route=\/wp\/v2\/media\/7119"}],"wp:attachment":[{"href":"https:\/\/zonaroja.com.mx\/index.php?rest_route=%2Fwp%2Fv2%2Fmedia&parent=7118"}],"wp:term":[{"taxonomy":"category","embeddable":true,"href":"https:\/\/zonaroja.com.mx\/index.php?rest_route=%2Fwp%2Fv2%2Fcategories&post=7118"},{"taxonomy":"post_tag","embeddable":true,"href":"https:\/\/zonaroja.com.mx\/index.php?rest_route=%2Fwp%2Fv2%2Ftags&post=7118"}],"curies":[{"name":"wp","href":"https:\/\/api.w.org\/{rel}","templated":true}]}}