{"id":71196,"date":"2024-08-08T16:49:00","date_gmt":"2024-08-08T22:49:00","guid":{"rendered":"https:\/\/zonaroja.com.mx\/?p=71196"},"modified":"2024-08-08T15:50:40","modified_gmt":"2024-08-08T21:50:40","slug":"presenta-gobernador-de-oaxaca-cartera-de-proyectos-a-claudia-sheinbaum","status":"publish","type":"post","link":"https:\/\/zonaroja.com.mx\/?p=71196","title":{"rendered":"Presenta gobernador de Oaxaca cartera de proyectos a Claudia Sheinbaum"},"content":{"rendered":"\n<p>Redacci\u00f3n\/Zona Roja.<\/p>\n\n\n\n<p>Ciudad de M\u00e9xico, 8 de agosto de 2024.- Con la finalidad de consolidar proyectos estrat\u00e9gicos para Oaxaca, el Gobernador del Estado, Salom\u00f3n Jara Cruz, sostuvo un encuentro con la virtual Presidenta electa de M\u00e9xico Claudia Sheinbaum Pardo, con quien intercambi\u00f3 puntos de vista para impulsar el desarrollo en la entidad oaxaque\u00f1a, mismos que ser\u00e1n inducidos con el esp\u00edritu del gobierno de la Cuarta Transformaci\u00f3n.&nbsp;<\/p>\n\n\n\n<p>Como parte de la cartera de proyectos presentada por el titular de la Gubernatura destacan el de la presa \u00abPaso Ancho\u201d, con el que se garantizar\u00e1 el abasto de agua para la poblaci\u00f3n, de igual forma se plante\u00f3 la construcci\u00f3n de la autopista Oaxaca-Tuxtepec, la cual vendr\u00e1 a fortalecer la red carretera en la entidad.&nbsp;<\/p>\n\n\n\n<p>En este mismo sentido, asegur\u00f3 que es necesaria la ampliaci\u00f3n de la v\u00eda que comunica desde Salina Cruz hasta Cuajinicuilapa, Guerrero; la cual requiere de cuatro carriles.&nbsp;<\/p>\n\n\n\n<p>Jara Cruz inform\u00f3 que de la mano con la futura Presidenta de M\u00e9xico se consolidar\u00e1n tambi\u00e9n los proyectos estrat\u00e9gicos como el Corredor Interoce\u00e1nico del Istmo de Tehuantepec (CIIT), as\u00ed como del sistema ferroviario que fortalecer\u00e1 el \u00e1rea comercial de esta zona y que recorre de Salina Cruz, Oaxaca a Coatzacoalcos, Veracruz.&nbsp;<\/p>\n\n\n\n<p>Tambi\u00e9n, se present\u00f3 el plan de manejo residuos s\u00f3lidos urbanos, urgente para atender la necesidad presente y la que demandar\u00e1n los polos de desarrollo para el bienestar, el cual contempla la construcci\u00f3n de Centros Integrales de Revalorizaci\u00f3n de Residuos S\u00f3lidos Urbanos en la Zona Metropolitana de Oaxaca, en la regi\u00f3n de la Costa y en la regi\u00f3n del Istmo.&nbsp;<\/p>\n\n\n\n<p>El Mandatario oaxaque\u00f1o destac\u00f3 que gracias al impulso que el Presidente Andr\u00e9s Manuel L\u00f3pez Obrador le ha dado a Oaxaca en estos 6 a\u00f1os, se ha tenido un crecimiento econ\u00f3mico para beneficio de todas y todos, por lo que con la administraci\u00f3n de Sheinbaum Pardo se busca mantener este mismo ritmo de desarrollo.&nbsp;<\/p>\n\n\n\n<p>Luego de la reuni\u00f3n en la que estuvieron tambi\u00e9n gobernadoras y gobernadores de Chiapas, Veracruz, Tabasco, Campeche, Yucat\u00e1n y Quintana Roo en una rueda de prensa la virtual Presidenta electa sostuvo que continuar\u00e1 con el respaldo al Gobernador Salom\u00f3n Jara a quien le reconoci\u00f3 su capacidad por resolver conflictividades agrarias que han permitido la conclusi\u00f3n de importantes proyectos.&nbsp;<\/p>\n\n\n\n<p>En su oportunidad el Gobernador de Oaxaca dijo que parte de este restablecimiento de la paz en las comunidades es gracias a la instalaci\u00f3n de la Mesa de Inteligencia Agraria, la cual es conformada por autoridades estatales y federales, dando como resultado que en un a\u00f1o y medio se han resuelto 31 conflictos agrarios, por lo que confi\u00f3 en que la pr\u00f3xima Presidenta tendr\u00e1 tambi\u00e9n la voluntad de respaldar estas acciones.\u00a0<\/p>\n\n\n\n<figure class=\"wp-block-embed is-type-rich is-provider-twitter wp-block-embed-twitter\"><div class=\"wp-block-embed__wrapper\">\n<div class=\"twitter-tweet\"><blockquote class=\"twitter-tweet\" data-lang=\"es\"><p lang=\"es\" dir=\"ltr\">Esta ma\u00f1ana la Presidenta electa de M\u00e9xico, <a href=\"https:\/\/twitter.com\/Claudiashein?ref_src=twsrc%5Etfw\">@Claudiashein<\/a>, se reuni\u00f3 con gobernadoras y gobernadores de Chiapas, Veracruz, Tabasco, Campeche, Yucat\u00e1n, Quintana Roo y <a href=\"https:\/\/twitter.com\/hashtag\/Oaxaca?src=hash&amp;ref_src=twsrc%5Etfw\">#Oaxaca<\/a>. <br><br>Tras ello, en conferencia de prensa detall\u00f3 algunos t\u00f3picos y acuerdos. <br><br>Habl\u00f3 tambi\u00e9n el mandatario\u2026 <a href=\"https:\/\/t.co\/a52m8DCHJA\">pic.twitter.com\/a52m8DCHJA<\/a><\/p>&mdash; Zona Roja Oaxaca (@ZonaRoja_Oaxaca) <a href=\"https:\/\/twitter.com\/ZonaRoja_Oaxaca\/status\/1821629224782066135?ref_src=twsrc%5Etfw\">8 de agosto de 2024<\/a><\/blockquote><\/div>\n<\/div><\/figure>\n","protected":false},"excerpt":{"rendered":"<p>Redacci\u00f3n\/Zona Roja. Ciudad de M\u00e9xico, 8 de agosto de 2024.- Con la finalidad de consolidar&hellip;<\/p>\n","protected":false},"author":2,"featured_media":71198,"comment_status":"closed","ping_status":"open","sticky":false,"template":"","format":"standard","meta":{"_lmt_disableupdate":"","_lmt_disable":"","_jetpack_memberships_contains_paid_content":false,"footnotes":""},"categories":[109,46],"tags":[939],"class_list":["post-71196","post","type-post","status-publish","format-standard","has-post-thumbnail","hentry","category-minuto-a-minuto","category-zona-blanca","tag-salomon-jara-cruz"],"jetpack_featured_media_url":"https:\/\/zonaroja.com.mx\/wp-content\/uploads\/2024\/08\/Salomon-Jara-con-Claudia-Sheingaum-y-gobernadores.jpeg","jetpack_sharing_enabled":true,"_links":{"self":[{"href":"https:\/\/zonaroja.com.mx\/index.php?rest_route=\/wp\/v2\/posts\/71196","targetHints":{"allow":["GET"]}}],"collection":[{"href":"https:\/\/zonaroja.com.mx\/index.php?rest_route=\/wp\/v2\/posts"}],"about":[{"href":"https:\/\/zonaroja.com.mx\/index.php?rest_route=\/wp\/v2\/types\/post"}],"author":[{"embeddable":true,"href":"https:\/\/zonaroja.com.mx\/index.php?rest_route=\/wp\/v2\/users\/2"}],"replies":[{"embeddable":true,"href":"https:\/\/zonaroja.com.mx\/index.php?rest_route=%2Fwp%2Fv2%2Fcomments&post=71196"}],"version-history":[{"count":1,"href":"https:\/\/zonaroja.com.mx\/index.php?rest_route=\/wp\/v2\/posts\/71196\/revisions"}],"predecessor-version":[{"id":71199,"href":"https:\/\/zonaroja.com.mx\/index.php?rest_route=\/wp\/v2\/posts\/71196\/revisions\/71199"}],"wp:featuredmedia":[{"embeddable":true,"href":"https:\/\/zonaroja.com.mx\/index.php?rest_route=\/wp\/v2\/media\/71198"}],"wp:attachment":[{"href":"https:\/\/zonaroja.com.mx\/index.php?rest_route=%2Fwp%2Fv2%2Fmedia&parent=71196"}],"wp:term":[{"taxonomy":"category","embeddable":true,"href":"https:\/\/zonaroja.com.mx\/index.php?rest_route=%2Fwp%2Fv2%2Fcategories&post=71196"},{"taxonomy":"post_tag","embeddable":true,"href":"https:\/\/zonaroja.com.mx\/index.php?rest_route=%2Fwp%2Fv2%2Ftags&post=71196"}],"curies":[{"name":"wp","href":"https:\/\/api.w.org\/{rel}","templated":true}]}}