{"id":71206,"date":"2024-08-09T08:04:00","date_gmt":"2024-08-09T14:04:00","guid":{"rendered":"https:\/\/zonaroja.com.mx\/?p=71206"},"modified":"2024-08-09T06:07:34","modified_gmt":"2024-08-09T12:07:34","slug":"participa-diputada-oaxaquena-en-foro-sobre-reforma-al-poder-judicial-en-sinaloa","status":"publish","type":"post","link":"https:\/\/zonaroja.com.mx\/?p=71206","title":{"rendered":"Participa diputada oaxaque\u00f1a en foro sobre reforma al Poder Judicial, en Sinaloa"},"content":{"rendered":"\n<p>Redacci\u00f3n\/Zona Roja.<\/p>\n\n\n\n<p>Oaxaca de Ju\u00e1rez, Oax., a 9 de agosto de 2024.- Al participar en el noveno foro denominado Di\u00e1logos Nacionales para la Reforma al Poder Judicial en materia de Impartici\u00f3n, Procuraci\u00f3n de Justicia y Seguridad P\u00fablica, efectuado en Culiac\u00e1n, Sinaloa, la diputada Mariana Ben\u00edtez Tiburcio sostuvo que este encuentro representa una gran oportunidad para discutir la transformaci\u00f3n que requiere en el pa\u00eds el sistema judicial, la procuraci\u00f3n de justicia y seguridad p\u00fablica.<\/p>\n\n\n\n<p>En ese sentido, la legisladora oaxaque\u00f1a indic\u00f3 que desde el Poder Legislativo, se impulsar\u00e1 que el acceso y la procuraci\u00f3n de justicia sean un derecho vivo y una realidad para toda la ciudadan\u00eda, a fin de asegurar que se cumpla la m\u00e1xima de ser pronta y expedita en favor de todas y todos.<\/p>\n\n\n\n<p>\u00abHoy como legisladoras y legisladores es importante reconocer que para contar con un sistema judicial y de seguridad acorde a nuestros tiempos, &nbsp;es necesario poner en el centro del debate su an\u00e1lisis para concretar su transformaci\u00f3n\u00bb, asever\u00f3.&nbsp;<\/p>\n\n\n\n<p>Cabe destacar que, durante este encuentro se discutieron diversos temas como el impacto que la procuraci\u00f3n de justicia tiene en la sociedad como encargada de investigar, perseguir y sancionar delitos que incluye a los ministerios p\u00fablicos, las agencias de investigaci\u00f3n y las fiscal\u00edas.&nbsp;<\/p>\n\n\n\n<p>En este encuentro, participaron el Gobernador del Estado de Sinaloa, Rub\u00e9n Rocha Moya; el coordinador de senadores en la C\u00e1mara Alta, Ricardo Monreal; el coordinador de diputados de la C\u00e1mara Federal, Ignacio Mier Velazco, la senadora electa y pr\u00f3xima Consejera Jur\u00eddica, Ernestina Godoy, as\u00ed como presidentas y presidentes de tribunales de justicia, magistradas, magistrados, juezas y jueces; diputadas y diputados electos.<\/p>\n","protected":false},"excerpt":{"rendered":"<p>Redacci\u00f3n\/Zona Roja. Oaxaca de Ju\u00e1rez, Oax., a 9 de agosto de 2024.- Al participar en&hellip;<\/p>\n","protected":false},"author":2,"featured_media":71207,"comment_status":"closed","ping_status":"open","sticky":false,"template":"","format":"standard","meta":{"_lmt_disableupdate":"","_lmt_disable":"","_jetpack_memberships_contains_paid_content":false,"footnotes":""},"categories":[109,46],"tags":[2969],"class_list":["post-71206","post","type-post","status-publish","format-standard","has-post-thumbnail","hentry","category-minuto-a-minuto","category-zona-blanca","tag-mariana-benitez-tiburcio"],"jetpack_featured_media_url":"https:\/\/zonaroja.com.mx\/wp-content\/uploads\/2024\/08\/Mariana-Benitez-foro-Coahuila.jpg","jetpack_sharing_enabled":true,"_links":{"self":[{"href":"https:\/\/zonaroja.com.mx\/index.php?rest_route=\/wp\/v2\/posts\/71206","targetHints":{"allow":["GET"]}}],"collection":[{"href":"https:\/\/zonaroja.com.mx\/index.php?rest_route=\/wp\/v2\/posts"}],"about":[{"href":"https:\/\/zonaroja.com.mx\/index.php?rest_route=\/wp\/v2\/types\/post"}],"author":[{"embeddable":true,"href":"https:\/\/zonaroja.com.mx\/index.php?rest_route=\/wp\/v2\/users\/2"}],"replies":[{"embeddable":true,"href":"https:\/\/zonaroja.com.mx\/index.php?rest_route=%2Fwp%2Fv2%2Fcomments&post=71206"}],"version-history":[{"count":2,"href":"https:\/\/zonaroja.com.mx\/index.php?rest_route=\/wp\/v2\/posts\/71206\/revisions"}],"predecessor-version":[{"id":71209,"href":"https:\/\/zonaroja.com.mx\/index.php?rest_route=\/wp\/v2\/posts\/71206\/revisions\/71209"}],"wp:featuredmedia":[{"embeddable":true,"href":"https:\/\/zonaroja.com.mx\/index.php?rest_route=\/wp\/v2\/media\/71207"}],"wp:attachment":[{"href":"https:\/\/zonaroja.com.mx\/index.php?rest_route=%2Fwp%2Fv2%2Fmedia&parent=71206"}],"wp:term":[{"taxonomy":"category","embeddable":true,"href":"https:\/\/zonaroja.com.mx\/index.php?rest_route=%2Fwp%2Fv2%2Fcategories&post=71206"},{"taxonomy":"post_tag","embeddable":true,"href":"https:\/\/zonaroja.com.mx\/index.php?rest_route=%2Fwp%2Fv2%2Ftags&post=71206"}],"curies":[{"name":"wp","href":"https:\/\/api.w.org\/{rel}","templated":true}]}}