{"id":71214,"date":"2024-08-09T11:31:00","date_gmt":"2024-08-09T17:31:00","guid":{"rendered":"https:\/\/zonaroja.com.mx\/?p=71214"},"modified":"2024-08-09T07:36:33","modified_gmt":"2024-08-09T13:36:33","slug":"critica-ong-internacional-crimilanizacion-de-defensores-de-derechos","status":"publish","type":"post","link":"https:\/\/zonaroja.com.mx\/?p=71214","title":{"rendered":"Critica ONG internacional crimilanizaci\u00f3n de defensores de derechos"},"content":{"rendered":"\n<p>Raymundo Morales\/Zona Roja.<\/p>\n\n\n\n<p>Oaxaca de Ju\u00e1rez, Oax., a 9 de agosto de 2024.- La organizaci\u00f3n internacional Front Line Defenders con sede en Dubl\u00edn, Irlanda, se pronunci\u00f3 en Oaxaca contra de la criminalizaci\u00f3n hacia los defensores de derechos humanos y la impunidad.<\/p>\n\n\n\n<p>La delegaci\u00f3n fue encabezada por el director de la organizaci\u00f3n especializada en protecci\u00f3n a personas defensoras, Alan Glasgow, junto con Sara De Roure, responsable de protecci\u00f3n a nivel mundial; Ver\u00f3nica Vidal, integrante del consejo&nbsp;directivo&nbsp;y Sandra Patargo, responsable de protecci\u00f3n para Am\u00e9rica del Norte, Am\u00e9rica Central y el Caribe.&nbsp;<\/p>\n\n\n\n<p>Durante su visita a la entidad, la delegaci\u00f3n&nbsp;internacional&nbsp;se reuni\u00f3 con representantes de organizaciones,&nbsp;personas defensoras y periodistas de diversas regiones del estado,&nbsp;con&nbsp;el fin de compartir&nbsp;y conocer los principales desaf\u00edos con los que se enfrentan para llevar a cabo&nbsp;su&nbsp;labor&nbsp;en el estado.<\/p>\n\n\n\n<p>Los principales retos que destacaron las personas defensoras durante la reuni\u00f3n&nbsp;fueron&nbsp;la&nbsp;dram\u00e1tica&nbsp;criminalizaci\u00f3n&nbsp;y judicializaci\u00f3n como represalia a&nbsp;su&nbsp;labor.<\/p>\n\n\n\n<p>El uso de espacios medi\u00e1ticos&nbsp;p\u00fablicos para deslegitimar&nbsp;y descalificar&nbsp;su hacer,&nbsp;as\u00ed como&nbsp;el incremento de la violencia&nbsp;en su contra,&nbsp;siendo Oaxaca la entidad con mayores n\u00fameros de asesinatos registrados durante el sexenio&nbsp;del actual Presidente de M\u00e9xico,&nbsp;con 42 personas defensoras asesinadas&nbsp;en Oaxaca, representando el 24% del registro&nbsp;de casos a nivel nacional.&nbsp;<\/p>\n\n\n\n<p>Abordaron tambi\u00e9n la grave preocupaci\u00f3n&nbsp;que existe debido al&nbsp;control territorial&nbsp;en manos de&nbsp;poderes f\u00e1cticos, el concesionamiento del territorio a empresas transnacionales el acaparamiento y uso del sistema judicial para criminalizar, el incremento generalizado de la violencia misma que afecta de manera diferenciada a las mujeres y pueblos ind\u00edgenas.<\/p>\n\n\n\n<p>Las violaciones del derecho de acceso al agua&nbsp;y la dram\u00e1tica crisis ambiental que se vive en el estado, el desmantelamiento y ausencia de pol\u00edticas p\u00fablicas eficaces para la protecci\u00f3n de personas defensoras, el uso de estrategias&nbsp;para&nbsp;romper el tejido social e incrementar la conflictividad,&nbsp;la persecuci\u00f3n fiscal,&nbsp;el incremento de la represi\u00f3n de Estado en particular en contra de quienes defienden su territorio se\u00f1alando entre los principales agresores las fuerzas armadas, entre otros.&nbsp;<\/p>\n\n\n\n<p>Apuntaron&nbsp;tambi\u00e9n que la criminalizaci\u00f3n no solo afecta a las personas defensoras sino a sus familias, comunidades, procesos organizativos&nbsp;generando graves impactos en la salud, f\u00edsica,&nbsp;emocional,&nbsp;as\u00ed como&nbsp;a nivel&nbsp;social&nbsp;y comunitario. &nbsp;<\/p>\n\n\n\n<p>\u201cUn gran pendiente del Estado,&nbsp;m\u00e1s all\u00e1 de la liberaci\u00f3n&nbsp;de las personas defensoras criminalizadas,&nbsp;es el proceso de acceso a la justicia integral, misma que se queda en el camino\u201d, explicaron.&nbsp;<\/p>\n\n\n\n<p>Recordaron que en Oaxaca fueron emitidas cinco opiniones por el Grupo de Trabajo sobre Detenciones Arbitrarias de las Naciones Unidas sobre casos de criminalizaci\u00f3n de personas defensoras y que a la fecha siguen sin cumplirse.&nbsp;<\/p>\n\n\n\n<p>A su vez, el director de la organizaci\u00f3n internacional Front Line Defenders expres\u00f3 su particular preocupaci\u00f3n por la impunidad que impera en Oaxaca.&nbsp;<\/p>\n\n\n\n<p>Se\u00f1al\u00f3 que la criminalizaci\u00f3n es una de las&nbsp;problem\u00e1ticas prioritarias para la organizaci\u00f3n&nbsp;internacional,&nbsp;por los impactos que causa para quienes defienden derechos&nbsp;humanos,&nbsp;pero tambi\u00e9n por el grave mensaje de deslegitimaci\u00f3n que manda a la sociedad.&nbsp;&nbsp;<\/p>\n\n\n\n<p>Participaron en la reuni\u00f3n integrantes de la organizaci\u00f3n Uni\u00f3n de Comunidades de la Zona Norte del Istmo de Oaxaca (Ucizoni), Asamblea de Pueblos del Istmo en Defensa de la Tierra y el Territorio (APIIDTT), Red Nacional de Abogadas Ind\u00edgenas-Cap\u00edtulo Oaxaca (RAI),<\/p>\n\n\n\n<p>Uni\u00f3n C\u00edvica Democr\u00e1tica de Barrios, Colonias y Comunidades (UCIDEBACC), Servicios para una Educaci\u00f3n Alternativa (Educa), Centro de Derechos Ind\u00edgenas Flor y Canto, Consorcio para el Di\u00e1logo Parlamentario y la Equidad Oaxaca A.C. as\u00ed como la periodista feminista Soledad Jarqu\u00edn Edgar, la defensora de derechos humanos Yolanda Barranco Hern\u00e1ndez y el defensor de derechos humanos Dami\u00e1n Gallardo Mart\u00ednez.&nbsp;<\/p>\n","protected":false},"excerpt":{"rendered":"<p>Raymundo Morales\/Zona Roja. Oaxaca de Ju\u00e1rez, Oax., a 9 de agosto de 2024.- La organizaci\u00f3n&hellip;<\/p>\n","protected":false},"author":2,"featured_media":71215,"comment_status":"closed","ping_status":"open","sticky":false,"template":"","format":"standard","meta":{"_lmt_disableupdate":"","_lmt_disable":"","_jetpack_memberships_contains_paid_content":false,"footnotes":""},"categories":[109,47],"tags":[4020],"class_list":["post-71214","post","type-post","status-publish","format-standard","has-post-thumbnail","hentry","category-minuto-a-minuto","category-zona-gris","tag-front-line-defenders"],"jetpack_featured_media_url":"https:\/\/zonaroja.com.mx\/wp-content\/uploads\/2024\/08\/Front-Line-en-Oaxaca-Consorcio.jpeg","jetpack_sharing_enabled":true,"_links":{"self":[{"href":"https:\/\/zonaroja.com.mx\/index.php?rest_route=\/wp\/v2\/posts\/71214","targetHints":{"allow":["GET"]}}],"collection":[{"href":"https:\/\/zonaroja.com.mx\/index.php?rest_route=\/wp\/v2\/posts"}],"about":[{"href":"https:\/\/zonaroja.com.mx\/index.php?rest_route=\/wp\/v2\/types\/post"}],"author":[{"embeddable":true,"href":"https:\/\/zonaroja.com.mx\/index.php?rest_route=\/wp\/v2\/users\/2"}],"replies":[{"embeddable":true,"href":"https:\/\/zonaroja.com.mx\/index.php?rest_route=%2Fwp%2Fv2%2Fcomments&post=71214"}],"version-history":[{"count":1,"href":"https:\/\/zonaroja.com.mx\/index.php?rest_route=\/wp\/v2\/posts\/71214\/revisions"}],"predecessor-version":[{"id":71216,"href":"https:\/\/zonaroja.com.mx\/index.php?rest_route=\/wp\/v2\/posts\/71214\/revisions\/71216"}],"wp:featuredmedia":[{"embeddable":true,"href":"https:\/\/zonaroja.com.mx\/index.php?rest_route=\/wp\/v2\/media\/71215"}],"wp:attachment":[{"href":"https:\/\/zonaroja.com.mx\/index.php?rest_route=%2Fwp%2Fv2%2Fmedia&parent=71214"}],"wp:term":[{"taxonomy":"category","embeddable":true,"href":"https:\/\/zonaroja.com.mx\/index.php?rest_route=%2Fwp%2Fv2%2Fcategories&post=71214"},{"taxonomy":"post_tag","embeddable":true,"href":"https:\/\/zonaroja.com.mx\/index.php?rest_route=%2Fwp%2Fv2%2Ftags&post=71214"}],"curies":[{"name":"wp","href":"https:\/\/api.w.org\/{rel}","templated":true}]}}