{"id":71224,"date":"2024-08-09T13:22:00","date_gmt":"2024-08-09T19:22:00","guid":{"rendered":"https:\/\/zonaroja.com.mx\/?p=71224"},"modified":"2024-08-09T08:24:31","modified_gmt":"2024-08-09T14:24:31","slug":"se-pronuncian-en-congreso-por-igualdad-para-pueblos-indigenas-y-respeto-a-sus-derechos","status":"publish","type":"post","link":"https:\/\/zonaroja.com.mx\/?p=71224","title":{"rendered":"Se pronuncian en Congreso por igualdad para pueblos ind\u00edgenas y respeto a sus derechos"},"content":{"rendered":"\n<p>Redacci\u00f3n\/Zona Roja.&nbsp;<\/p>\n\n\n\n<p>Oaxaca de Ju\u00e1rez, Oax. 9 de agosto de 2024.- Con motivo del D\u00eda Internacional de los Pueblos Ind\u00edgenas, que se conmemora este viernes, diputadas de la 65 Legislatura local se pronunciaron porque se les garantice la igualdad y el respeto a sus derechos.<\/p>\n\n\n\n<p>En reciente sesi\u00f3n ordinaria, la legisladora Luisa Cort\u00e9s Garc\u00eda se\u00f1al\u00f3 que esta fecha es un momento para reflexionar en la realidad que viven las comunidades ind\u00edgenas, a quienes se les invisibiliza como si fuesen minor\u00eda.<\/p>\n\n\n\n<p>\u201cEs por ello, por lo que este d\u00eda, a manera de homenaje y reconocimiento, todas y todos aquellos que nos auto adscribimos a un pueblo y comunidad ind\u00edgena o afromexicana, gritamos al mundo entero que estamos vivos, que no dejaremos morir nuestro legado y que seguiremos luchando por alcanzar la verdadera igualdad en este pa\u00eds. Una igualdad real y no simulada\u201d, expres\u00f3.<\/p>\n\n\n\n<p>Resalt\u00f3 tambi\u00e9n que M\u00e9xico es el pa\u00eds con mayor poblaci\u00f3n ind\u00edgena en Am\u00e9rica, con cerca de 27.5 millones de personas que se auto adscriben a una etnia, de acuerdo con los datos del Foro Econ\u00f3mico Mundial.<\/p>\n\n\n\n<p>\u201cSomos privilegiados como naci\u00f3n mexicana de ser el resultado de la fusi\u00f3n de 68 pueblos y comunidades ind\u00edgenas, el pueblo afromexicano, y los pueblos amerindios, quienes le dieron personalidad a este gran pa\u00eds que hoy llamamos M\u00e9xico\u201d, destac\u00f3.<\/p>\n\n\n\n<p>Igualmente, la diputada X\u00f3chitl Jazm\u00edn Vel\u00e1zquez V\u00e1squez refiri\u00f3 que este d\u00eda hace reflexionar sobre la mayor problem\u00e1tica que ata\u00f1e a los pueblos ind\u00edgenas, como es la discriminaci\u00f3n, la explotaci\u00f3n, y la exclusi\u00f3n a la que se enfrentan.<\/p>\n\n\n\n<p>\u201cDesde nuestras trincheras trabajemos para que los pueblos ind\u00edgenas dejen de ser oprimidos, discriminados, excluidos, despojados, desplazados y diezmados. Defendamos la autonom\u00eda de las comunidades y de las personas, as\u00ed como el respeto a la dignidad de todas y todos\u201d, convoc\u00f3.<\/p>\n\n\n\n<p>\u201cLuchemos por un desarrollo con justicia y dignidad para todas y todos, por la dignidad y reivindicaci\u00f3n de los pueblos originarios\u201d, enfatiz\u00f3.<\/p>\n\n\n\n<p>El 23 de diciembre de 1994, la Asamblea General de las Naciones Unidas determin\u00f3 la conmemoraci\u00f3n del D\u00eda Internacional de los Pueblos Ind\u00edgenas cada 9 de agosto.&nbsp;<\/p>\n","protected":false},"excerpt":{"rendered":"<p>Redacci\u00f3n\/Zona Roja.&nbsp; Oaxaca de Ju\u00e1rez, Oax. 9 de agosto de 2024.- Con motivo del D\u00eda&hellip;<\/p>\n","protected":false},"author":2,"featured_media":71225,"comment_status":"closed","ping_status":"open","sticky":false,"template":"","format":"standard","meta":{"_lmt_disableupdate":"","_lmt_disable":"","_jetpack_memberships_contains_paid_content":false,"footnotes":""},"categories":[109,46],"tags":[2743,3827],"class_list":["post-71224","post","type-post","status-publish","format-standard","has-post-thumbnail","hentry","category-minuto-a-minuto","category-zona-blanca","tag-65-legislatura-del-estado-de-oaxaca","tag-luisa-cortes-garcia"],"jetpack_featured_media_url":"https:\/\/zonaroja.com.mx\/wp-content\/uploads\/2024\/08\/Luisa-Cortes-Garcia.jpeg","jetpack_sharing_enabled":true,"_links":{"self":[{"href":"https:\/\/zonaroja.com.mx\/index.php?rest_route=\/wp\/v2\/posts\/71224","targetHints":{"allow":["GET"]}}],"collection":[{"href":"https:\/\/zonaroja.com.mx\/index.php?rest_route=\/wp\/v2\/posts"}],"about":[{"href":"https:\/\/zonaroja.com.mx\/index.php?rest_route=\/wp\/v2\/types\/post"}],"author":[{"embeddable":true,"href":"https:\/\/zonaroja.com.mx\/index.php?rest_route=\/wp\/v2\/users\/2"}],"replies":[{"embeddable":true,"href":"https:\/\/zonaroja.com.mx\/index.php?rest_route=%2Fwp%2Fv2%2Fcomments&post=71224"}],"version-history":[{"count":1,"href":"https:\/\/zonaroja.com.mx\/index.php?rest_route=\/wp\/v2\/posts\/71224\/revisions"}],"predecessor-version":[{"id":71226,"href":"https:\/\/zonaroja.com.mx\/index.php?rest_route=\/wp\/v2\/posts\/71224\/revisions\/71226"}],"wp:featuredmedia":[{"embeddable":true,"href":"https:\/\/zonaroja.com.mx\/index.php?rest_route=\/wp\/v2\/media\/71225"}],"wp:attachment":[{"href":"https:\/\/zonaroja.com.mx\/index.php?rest_route=%2Fwp%2Fv2%2Fmedia&parent=71224"}],"wp:term":[{"taxonomy":"category","embeddable":true,"href":"https:\/\/zonaroja.com.mx\/index.php?rest_route=%2Fwp%2Fv2%2Fcategories&post=71224"},{"taxonomy":"post_tag","embeddable":true,"href":"https:\/\/zonaroja.com.mx\/index.php?rest_route=%2Fwp%2Fv2%2Ftags&post=71224"}],"curies":[{"name":"wp","href":"https:\/\/api.w.org\/{rel}","templated":true}]}}