{"id":71227,"date":"2024-08-09T16:22:00","date_gmt":"2024-08-09T22:22:00","guid":{"rendered":"https:\/\/zonaroja.com.mx\/?p=71227"},"modified":"2024-08-09T14:32:51","modified_gmt":"2024-08-09T20:32:51","slug":"se-queja-amlo-que-estados-unidos-no-le-da-informacion-sobre-captura-de-capos","status":"publish","type":"post","link":"https:\/\/zonaroja.com.mx\/?p=71227","title":{"rendered":"Se queja AMLO que Estados Unidos no le da informaci\u00f3n sobre captura de capos"},"content":{"rendered":"\n<p>Redacci\u00f3n\/Zona Roja.<\/p>\n\n\n\n<p>Oaxaca de Ju\u00e1rez, Oax., a 9 de agosto de 2024.- El presidente Andr\u00e9s Manuel L\u00f3pez Obrador reclam\u00f3 al Gobierno de Estados Unidos la falta de informaci\u00f3n sobre las investigaciones que llevaron a la detenci\u00f3n de los narcotraficantes Ismael \u201cEl Mayo\u201d Zambada y Joaqu\u00edn Guzm\u00e1n L\u00f3pez, hijo de Joaqu\u00edn \u201cEl Chapo\u201d Guzm\u00e1n, en el Paso, Texas, en julio pasado.<\/p>\n\n\n\n<p>En su conferencia matutina, el primer mandatario extern\u00f3 su descontento porque a dos semanas de los hechos, no se tengan detalles de la aeronave en la que se trasladaron los presuntos l\u00edderes del C\u00e1rtel de Sinaloa, las condiciones de captura o si en su caso, se violent\u00f3 la soberan\u00eda nacional.<\/p>\n\n\n\n<p>L\u00f3pez Obrador sostuvo que la Fiscal\u00eda General de la Rep\u00fablica (FGR) est\u00e1 realizando la investigaci\u00f3n que le corresponde respecto a la captura de los narcotraficantes, sin embargo, dijo hay detalles clave que no han sido compartidos por las autoridades estadounidenses.<\/p>\n\n\n\n<p>\u201cNo ha habido m\u00e1s (informaci\u00f3n), solo un avi\u00f3n clonado, sabemos que no sali\u00f3 de Hermosillo (Sonora). No hay cooperaci\u00f3n por parte del Gobierno de Estados Unidos, es decir, no nos han dado informaci\u00f3n suficiente, por ejemplo; \u00bfqu\u00e9 pas\u00f3 con el piloto? \u00bfqu\u00e9 hicieron con el piloto? \u00bfqui\u00e9n era? y desde luego saben de d\u00f3nde sali\u00f3 el avi\u00f3n\u201d, afirm\u00f3.<\/p>\n\n\n\n<p>El presidente L\u00f3pez Obrador dijo que para el Gobierno mexicano es necesario que se conozca la informaci\u00f3n sobre una posible negociaci\u00f3n de las agencias de investigaci\u00f3n estadounidenses que derivaron en la captura del fundador del C\u00e1rtel de Sinaloa, Ismael \u201cEl Mayo\u201d Zambada.<\/p>\n\n\n\n<p>Incluso apunt\u00f3 que si bien existen razones para mantener la secrec\u00eda, esta no debe existir entre las autoridades de ambos pa\u00edses, ya que existen acuerdos de cooperaci\u00f3n en materia de seguridad.<\/p>\n\n\n\n<p>\u201cPor eso nos importa mucho saber, porque necesitamos informarle al pueblo \u00bfqu\u00e9 pas\u00f3? \u00bfC\u00f3mo es que se van dos personajes famosos llegan a Texas y no sabemos nada los mexicanos o muy poco\u201d, reproch\u00f3 este viernes.<\/p>\n\n\n\n<p>El jueves 25 de julio, \u201cEl Mayo\u201d Zambada y Joaqu\u00edn Guzm\u00e1n L\u00f3pez fueron detenidos en un aer\u00f3dromo de El Paso, Texas. Entre las versiones que llevaron a la captura de los narcotraficantes est\u00e1 que una aeronave parti\u00f3 de territorio mexicano hacia Estados Unidos donde se concret\u00f3 el objetivo.<\/p>\n\n\n\n<p>Otra versi\u00f3n, es que existi\u00f3 un acuerdo entre autoridades de Estados Unidos para que a trav\u00e9s del hijo de \u201cEl Chapo\u201d Guzm\u00e1n se pudiera concretar la entrega de \u201cEl Mayo\u201d Zambada quien como fundador del C\u00e1rtel de Sinaloa, dur\u00f3 d\u00e9cadas en calidad de pr\u00f3fugo.<\/p>\n\n\n\n<p>En este contexto L\u00f3pez Obrador consider\u00f3 necesario el flujo de informaci\u00f3n entre ambos pa\u00edses.<\/p>\n\n\n\n<p>\u201cSi hay cosas que se deben manejar en sigilo, pero no todo, el pueblo tiene derecho a estar informado, m\u00e1s cuando es un asunto tan delicado, porque no queremos confrontaci\u00f3n entre bandas del crimen organizado\u201d, insisti\u00f3 el presidente.<\/p>\n\n\n\n<p>(Informaci\u00f3n de \u201cExpansi\u00f3n Pol\u00edtica\u201d)<\/p>\n","protected":false},"excerpt":{"rendered":"<p>Redacci\u00f3n\/Zona Roja. Oaxaca de Ju\u00e1rez, Oax., a 9 de agosto de 2024.- El presidente Andr\u00e9s&hellip;<\/p>\n","protected":false},"author":2,"featured_media":71228,"comment_status":"closed","ping_status":"open","sticky":false,"template":"","format":"standard","meta":{"_lmt_disableupdate":"","_lmt_disable":"","_jetpack_memberships_contains_paid_content":false,"footnotes":""},"categories":[109,47],"tags":[143],"class_list":["post-71227","post","type-post","status-publish","format-standard","has-post-thumbnail","hentry","category-minuto-a-minuto","category-zona-gris","tag-andres-manuel-lopez-obrador"],"jetpack_featured_media_url":"https:\/\/zonaroja.com.mx\/wp-content\/uploads\/2024\/08\/Lopez-Obrador-y-Biden.jpg","jetpack_sharing_enabled":true,"_links":{"self":[{"href":"https:\/\/zonaroja.com.mx\/index.php?rest_route=\/wp\/v2\/posts\/71227","targetHints":{"allow":["GET"]}}],"collection":[{"href":"https:\/\/zonaroja.com.mx\/index.php?rest_route=\/wp\/v2\/posts"}],"about":[{"href":"https:\/\/zonaroja.com.mx\/index.php?rest_route=\/wp\/v2\/types\/post"}],"author":[{"embeddable":true,"href":"https:\/\/zonaroja.com.mx\/index.php?rest_route=\/wp\/v2\/users\/2"}],"replies":[{"embeddable":true,"href":"https:\/\/zonaroja.com.mx\/index.php?rest_route=%2Fwp%2Fv2%2Fcomments&post=71227"}],"version-history":[{"count":1,"href":"https:\/\/zonaroja.com.mx\/index.php?rest_route=\/wp\/v2\/posts\/71227\/revisions"}],"predecessor-version":[{"id":71229,"href":"https:\/\/zonaroja.com.mx\/index.php?rest_route=\/wp\/v2\/posts\/71227\/revisions\/71229"}],"wp:featuredmedia":[{"embeddable":true,"href":"https:\/\/zonaroja.com.mx\/index.php?rest_route=\/wp\/v2\/media\/71228"}],"wp:attachment":[{"href":"https:\/\/zonaroja.com.mx\/index.php?rest_route=%2Fwp%2Fv2%2Fmedia&parent=71227"}],"wp:term":[{"taxonomy":"category","embeddable":true,"href":"https:\/\/zonaroja.com.mx\/index.php?rest_route=%2Fwp%2Fv2%2Fcategories&post=71227"},{"taxonomy":"post_tag","embeddable":true,"href":"https:\/\/zonaroja.com.mx\/index.php?rest_route=%2Fwp%2Fv2%2Ftags&post=71227"}],"curies":[{"name":"wp","href":"https:\/\/api.w.org\/{rel}","templated":true}]}}