{"id":71230,"date":"2024-08-09T14:41:09","date_gmt":"2024-08-09T20:41:09","guid":{"rendered":"https:\/\/zonaroja.com.mx\/?p=71230"},"modified":"2024-08-09T14:41:11","modified_gmt":"2024-08-09T20:41:11","slug":"opinion-brecha-y-el-pri-se-esta-quedando-cada-dia-mas-vacio","status":"publish","type":"post","link":"https:\/\/zonaroja.com.mx\/?p=71230","title":{"rendered":"Opini\u00f3n. Brecha. Y el PRI se est\u00e1 quedando cada d\u00eda m\u00e1s vac\u00edo"},"content":{"rendered":"\n<p>El Andariego*<\/p>\n\n\n\n<p>Varios gestos afirmativos. Demasiados. A cada momento aplausos espont\u00e1neos, multiplicados con la resonancia en ese sal\u00f3n partidista.<\/p>\n\n\n\n<p>Nadie, nadie imaginaba que ser\u00eda uno de los \u00faltimos discursos del pol\u00edtico ixtepecano, quien adelantaba una descomposici\u00f3n total del Partido Revolucionario Institucional. El hombre remaba a contracorriente, sin embargo, resist\u00eda.<\/p>\n\n\n\n<p>En esa ma\u00f1ana, cercana al medio d\u00eda del 25 de octubre de 2001, Aquiles L\u00f3pez Sosa manifestaba en el micr\u00f3fono:&nbsp;<\/p>\n\n\n\n<p>\u201c\u2026Nuestro partido ha ido perdiendo la capacidad para generar ideas y defender un verdadero compromiso con el pueblo.<\/p>\n\n\n\n<p>\u201c\u2026Algunos dirigentes act\u00faan de manera pragm\u00e1tica respondiendo a intereses de grupo y aspiraciones ajenas a las prioridades y objetivos de la militancia.<\/p>\n\n\n\n<p>\u201cEl PRI se encuentra inmerso en la peor crisis de su historia hasta caer en la incongruencia que lo ha llevado a perder muchos espacios\u2026&nbsp;<\/p>\n\n\n\n<p>\u201c\u00a1El partido se ha extraviado! \u00a1Secuestrado! \u00a1Y cada vez lejano al sentimiento del pueblo!\u201d<\/p>\n\n\n\n<p>Era la v\u00edspera de la 18 Asamblea Nacional del tricolor. A 22 a\u00f1os y meses de esa advertencia, el PRI agoniza.<\/p>\n\n\n\n<p>Con una amplia sonrisa L\u00f3pez Sosa saludaba a muchos de sus compa\u00f1eros, incluyendo a varios de quienes hoy han renunciado a esa militancia.<\/p>\n\n\n\n<p>Esos que se fueron, gracias al PRI fueron premiados con una diputaci\u00f3n y hasta una gubernatura.<\/p>\n\n\n\n<p>Gracias al PRI orde\u00f1aron la obra p\u00fablica para hacer su riqueza.<\/p>\n\n\n\n<p>Enterados de m\u00e1s desertores priistas, eso recuerda la popular canci\u00f3n infantil de Paloma Valdivia: \u201cYo ten\u00eda 10 perritos\u201d.&nbsp;<\/p>\n\n\n\n<p>De los 8 diputados locales que el PRI manten\u00eda en el Congreso oaxaque\u00f1o, solo quedan dos-dos-dos. Seguir\u00e1n las deserciones y los camaleones. Veremos los finales felices o los tiempos de crecer juntos\u2026<\/p>\n\n\n\n<p>Pardea la tarde, es hora de recordar a Pepe Jara el llamado y siempre recordado \u201cTrovador Solitario\u201d. &nbsp; &nbsp;<\/p>\n\n\n\n<p>\u201c\u2026Y debo estar loco\/ para&nbsp; atormentarme\/ sin haber raz\u00f3n\u2026 Pero voy a luchar\/ hasta arrancar\/ \u00e9sta ingrata mentira de mi coraz\u00f3n\u2026\u201d.<\/p>\n\n\n\n<p>*Raciel Mart\u00ednez Blas, periodista.<\/p>\n\n\n\n<p>racmar24@gmail.com&nbsp;<\/p>\n","protected":false},"excerpt":{"rendered":"<p>El Andariego* Varios gestos afirmativos. Demasiados. A cada momento aplausos espont\u00e1neos, multiplicados con la resonancia&hellip;<\/p>\n","protected":false},"author":2,"featured_media":70868,"comment_status":"closed","ping_status":"open","sticky":false,"template":"","format":"standard","meta":{"_lmt_disableupdate":"","_lmt_disable":"","_jetpack_memberships_contains_paid_content":false,"footnotes":""},"categories":[109,46],"tags":[4021],"class_list":["post-71230","post","type-post","status-publish","format-standard","has-post-thumbnail","hentry","category-minuto-a-minuto","category-zona-blanca","tag-brecha-raciel-martinez-blas"],"jetpack_featured_media_url":"https:\/\/zonaroja.com.mx\/wp-content\/uploads\/2024\/07\/Opinion-Zona-Critica.jpg","jetpack_sharing_enabled":true,"_links":{"self":[{"href":"https:\/\/zonaroja.com.mx\/index.php?rest_route=\/wp\/v2\/posts\/71230","targetHints":{"allow":["GET"]}}],"collection":[{"href":"https:\/\/zonaroja.com.mx\/index.php?rest_route=\/wp\/v2\/posts"}],"about":[{"href":"https:\/\/zonaroja.com.mx\/index.php?rest_route=\/wp\/v2\/types\/post"}],"author":[{"embeddable":true,"href":"https:\/\/zonaroja.com.mx\/index.php?rest_route=\/wp\/v2\/users\/2"}],"replies":[{"embeddable":true,"href":"https:\/\/zonaroja.com.mx\/index.php?rest_route=%2Fwp%2Fv2%2Fcomments&post=71230"}],"version-history":[{"count":1,"href":"https:\/\/zonaroja.com.mx\/index.php?rest_route=\/wp\/v2\/posts\/71230\/revisions"}],"predecessor-version":[{"id":71231,"href":"https:\/\/zonaroja.com.mx\/index.php?rest_route=\/wp\/v2\/posts\/71230\/revisions\/71231"}],"wp:featuredmedia":[{"embeddable":true,"href":"https:\/\/zonaroja.com.mx\/index.php?rest_route=\/wp\/v2\/media\/70868"}],"wp:attachment":[{"href":"https:\/\/zonaroja.com.mx\/index.php?rest_route=%2Fwp%2Fv2%2Fmedia&parent=71230"}],"wp:term":[{"taxonomy":"category","embeddable":true,"href":"https:\/\/zonaroja.com.mx\/index.php?rest_route=%2Fwp%2Fv2%2Fcategories&post=71230"},{"taxonomy":"post_tag","embeddable":true,"href":"https:\/\/zonaroja.com.mx\/index.php?rest_route=%2Fwp%2Fv2%2Ftags&post=71230"}],"curies":[{"name":"wp","href":"https:\/\/api.w.org\/{rel}","templated":true}]}}