{"id":71235,"date":"2024-08-09T21:57:43","date_gmt":"2024-08-10T03:57:43","guid":{"rendered":"https:\/\/zonaroja.com.mx\/?p=71235"},"modified":"2024-08-09T21:57:45","modified_gmt":"2024-08-10T03:57:45","slug":"impunes-casos-de-intolerancia-religiosa-en-oaxaca","status":"publish","type":"post","link":"https:\/\/zonaroja.com.mx\/?p=71235","title":{"rendered":"Impunes, casos de intolerancia religiosa en Oaxaca"},"content":{"rendered":"\n<p>Redacci\u00f3n\/Estado 20.<\/p>\n\n\n\n<p>Oaxaca de Ju\u00e1rez, Oax., a 9 de agosto de 2024.- El representante legal de la Confraternidad de Pastores de Oaxaca, Porfirio Flores, solicit\u00f3 a los tres niveles de gobierno y en particular al Congreso del Estado que revisen los llamados usos y costumbres o sistemas normativos internos, para que a trav\u00e9s de una reforma se separen los cargos religiosos de los cargos netamente comunitarios.<\/p>\n\n\n\n<p>Acompa\u00f1ado de l\u00edderes religiosos cristianos, advirti\u00f3 que de no hacerse esta revisi\u00f3n, la intolerancia religiosa continuar\u00e1 en el estado y con ello el desplazamiento forzado de personas por su fe, as\u00ed como la violencia.<\/p>\n\n\n\n<p>La exigencia result\u00f3 a partir de los recientes hechos en los que una iglesia cristiana fue incendiada en una localidad de San Juan Lalana.<\/p>\n\n\n\n<p>Porfirio Flores se\u00f1al\u00f3 que esto no es la primera vez que ocurre, ya que hace unos a\u00f1os tambi\u00e9n fue destruido el templo cristiano de San Andr\u00e9s Ya\u00e1, poblaci\u00f3n de la Sierra Norte de Oaxaca, y expulsado de ese lugar el pastor Imeldo Amaya Gabriel, junto con su familia.&nbsp;<\/p>\n\n\n\n<p>De la misma forma mencion\u00f3 el caso del desplazamiento forzado de siete familias del municipio de San Juan Mazatl\u00e1n Mixe, por profesar una religi\u00f3n diferente a la Cat\u00f3lica.<\/p>\n\n\n\n<p>\u201cEn Oaxaca se quiera reconocer o no, hay desplazamiento forzado por cuestiones religiosas, como deja tambi\u00e9n de evidencia la expulsi\u00f3n de siete familias del municipio de San Juan Mazatl\u00e1n Mixe, que tienen que vivir ahora en el municipio de Guevea de Humboldt a quienes se suman decenas de personas que han tenido que dejar sus hogares por intolerancia religiosa\u201d.<\/p>\n\n\n\n<p>De acuerdo con el represente legal de la Confraternidad de Pastores de Oaxaca, en el estado hay al menos 200 personas desplazadas por intolerancia religiosa y al menos 20 conflictos como \u201cfocos rojos\u201d en igual n\u00famero de comunidades ind\u00edgenas.<\/p>\n\n\n\n<p>\u201cEs una realidad irreversible que los pueblos de Oaxaca han dejado de tener una sola religi\u00f3n y se han diversificado sus creencias sobre Dios, y eso agudiza la problem\u00e1tica en esos lugares\u201d.<\/p>\n\n\n\n<p>Las principales causas por las que se persigue cristianos de \u201cmanera feroz\u201d en los pueblos originarios, asegur\u00f3 Porfirio Flores, es porque \u201cde manera sorprendente\u201d en los sistemas normativos internos prevalecen cargos que tienen que ver con la iglesia cat\u00f3lica, es decir, nombramientos como de sacrist\u00e1n o de mayordomo.<\/p>\n\n\n\n<p>Y mencion\u00f3 casos extremos o que rayan en lo absurdo. Por ejemplo, dijo que hace 15 d\u00edas una familia fue expulsada de la comunidad de Montenegro, que pertenece al municipio Valle Nacional, por no aceptar vender cerveza en su casa para que el dinero recabado de las ventas se utilice para la fiesta patronal (cat\u00f3lica) en la comunidad.<\/p>\n\n\n\n<p>\u201cEn Oaxaca, que forma parte de la federaci\u00f3n, el estado laico tiene excepciones y una de ellas es justamente es en los pueblos ind\u00edgenas, donde no se han logrado separar cargos civiles de cargos religiosos. Mientras esto siga en este estado, la problem\u00e1tica se mantendr\u00e1 por muchos a\u00f1os m\u00e1s, con todas las injusticias que eso conlleva.<\/p>\n\n\n\n<p>\u201cDe tal manera que nuestro llamado a las autoridades de los tres niveles de gobierno y en particular al Congreso local, es que se haga una revisi\u00f3n de los llamados usos y costumbres o sistemas normativos internos, para que se separen los cargos religiosos de los cargos netamente comunitarios\u201d.<\/p>\n\n\n\n<p>Finalmente, expres\u00f3 que \u201ces una pena que en la tierra del liberal Benito Ju\u00e1rez\u201d se mantenga una pr\u00e1ctica que a todas luces es violatoria de los derechos humanos.<\/p>\n\n\n\n<figure class=\"wp-block-embed is-type-rich is-provider-twitter wp-block-embed-twitter\"><div class=\"wp-block-embed__wrapper\">\n<div class=\"twitter-tweet\"><blockquote class=\"twitter-tweet\" data-lang=\"es\"><p lang=\"es\" dir=\"ltr\"><a href=\"https:\/\/twitter.com\/hashtag\/ENVIVO?src=hash&amp;ref_src=twsrc%5Etfw\">#ENVIVO<\/a><br>Oaxaca de Ju\u00e1rez, Oax., 9 de agosto de 2024.- La Confraternidad de Pastores de Oaxaca denuncia nula atenci\u00f3n a diversos casos de intolerancia religiosa en la entidad. <br>Siga la transmisi\u00f3n:<br>\ud83d\udc47<a href=\"https:\/\/t.co\/SMvPpKxyda\">https:\/\/t.co\/SMvPpKxyda<\/a>?<\/p>&mdash; Zona Roja Oaxaca (@ZonaRoja_Oaxaca) <a href=\"https:\/\/twitter.com\/ZonaRoja_Oaxaca\/status\/1821969837062865221?ref_src=twsrc%5Etfw\">9 de agosto de 2024<\/a><\/blockquote><\/div>\n<\/div><\/figure>\n","protected":false},"excerpt":{"rendered":"<p>Redacci\u00f3n\/Estado 20. Oaxaca de Ju\u00e1rez, Oax., a 9 de agosto de 2024.- El representante legal&hellip;<\/p>\n","protected":false},"author":2,"featured_media":71236,"comment_status":"closed","ping_status":"open","sticky":false,"template":"","format":"standard","meta":{"_lmt_disableupdate":"","_lmt_disable":"","_jetpack_memberships_contains_paid_content":false,"footnotes":""},"categories":[109,47],"tags":[4022,1372],"class_list":["post-71235","post","type-post","status-publish","format-standard","has-post-thumbnail","hentry","category-minuto-a-minuto","category-zona-gris","tag-confraternidad-de-pastores-de-oaxaca","tag-intolerancia-religiosa-oaxaca"],"jetpack_featured_media_url":"https:\/\/zonaroja.com.mx\/wp-content\/uploads\/2024\/08\/Conferencia-Confraternidad-de-Pastores-Porfirio-Flores.jpg","jetpack_sharing_enabled":true,"_links":{"self":[{"href":"https:\/\/zonaroja.com.mx\/index.php?rest_route=\/wp\/v2\/posts\/71235","targetHints":{"allow":["GET"]}}],"collection":[{"href":"https:\/\/zonaroja.com.mx\/index.php?rest_route=\/wp\/v2\/posts"}],"about":[{"href":"https:\/\/zonaroja.com.mx\/index.php?rest_route=\/wp\/v2\/types\/post"}],"author":[{"embeddable":true,"href":"https:\/\/zonaroja.com.mx\/index.php?rest_route=\/wp\/v2\/users\/2"}],"replies":[{"embeddable":true,"href":"https:\/\/zonaroja.com.mx\/index.php?rest_route=%2Fwp%2Fv2%2Fcomments&post=71235"}],"version-history":[{"count":1,"href":"https:\/\/zonaroja.com.mx\/index.php?rest_route=\/wp\/v2\/posts\/71235\/revisions"}],"predecessor-version":[{"id":71237,"href":"https:\/\/zonaroja.com.mx\/index.php?rest_route=\/wp\/v2\/posts\/71235\/revisions\/71237"}],"wp:featuredmedia":[{"embeddable":true,"href":"https:\/\/zonaroja.com.mx\/index.php?rest_route=\/wp\/v2\/media\/71236"}],"wp:attachment":[{"href":"https:\/\/zonaroja.com.mx\/index.php?rest_route=%2Fwp%2Fv2%2Fmedia&parent=71235"}],"wp:term":[{"taxonomy":"category","embeddable":true,"href":"https:\/\/zonaroja.com.mx\/index.php?rest_route=%2Fwp%2Fv2%2Fcategories&post=71235"},{"taxonomy":"post_tag","embeddable":true,"href":"https:\/\/zonaroja.com.mx\/index.php?rest_route=%2Fwp%2Fv2%2Ftags&post=71235"}],"curies":[{"name":"wp","href":"https:\/\/api.w.org\/{rel}","templated":true}]}}