{"id":71238,"date":"2024-08-10T07:08:37","date_gmt":"2024-08-10T13:08:37","guid":{"rendered":"https:\/\/zonaroja.com.mx\/?p=71238"},"modified":"2024-08-10T07:08:39","modified_gmt":"2024-08-10T13:08:39","slug":"en-24-horas-rayos-matan-a-dos-personas-y-lesionan-a-ocho-en-oaxaca","status":"publish","type":"post","link":"https:\/\/zonaroja.com.mx\/?p=71238","title":{"rendered":"En 24 horas, rayos matan a dos personas y lesionan a ocho en Oaxaca"},"content":{"rendered":"\n<p>Ismael Garc\u00eda M.\/Zona Roja.<\/p>\n\n\n\n<p>Oaxaca de Ju\u00e1rez, Oax., a 10 de agosto de 2024.- En un lapso de 24 horas, en Oaxaca la ca\u00edda de rayos han dejado dos personas fallecidas y al menos ocho lesionadas.<\/p>\n\n\n\n<p>El m\u00e1s reciente caso ocurri\u00f3 ayer viernes por la tarde en Bah\u00edas de Huatulco, cuando una descarga el\u00e9ctrica a causa de las lluvias cay\u00f3 a un grupo de personas que se encontraba en el estacionamiento de la playa La Entrega.<\/p>\n\n\n\n<p>La v\u00edctima fatal fue identificada como Martha H. H., de 59 a\u00f1os de edad y originaria de la Ciudad de M\u00e9xico, mientras que al menos otras siete personas resultaron lesionadas.<\/p>\n\n\n\n<p>Personal param\u00e9dico del Heroico Cuerpo de Bomberos atendi\u00f3 a las v\u00edctimas y en el caso de las heridas, fueron trasladadas a un hospital, por diversos grados de quemaduras.<\/p>\n\n\n\n<p>El grupo de personas se encontraba en la parada de autobuses a la espera de abordar su unidad, cuando cay\u00f3 el rayo, en medio de una tormenta en la zona de Santa Cruz Huatulco.<\/p>\n\n\n\n<p>Apenas el jueves por la tarde, en Santa Mar\u00eda Atzompa, municipio de la regi\u00f3n Valles Centrales de Oaxaca, dos j\u00f3venes viajaban a bordo de su motocicleta y al momento de iniciar la lluvia, se refugiaron debajo de un \u00e1rbol.<\/p>\n\n\n\n<p>Sin embargo, en ese momento sucedi\u00f3 la descarga el\u00e9ctrica natural, lo que dej\u00f3 sin vida en el lugar a \u00c1ngel de Jes\u00fas H. S., de 20 a\u00f1os de edad, mientras que Benjam\u00edn J. fue trasladado a un hospital con heridas de gravedad.<\/p>\n","protected":false},"excerpt":{"rendered":"<p>Ismael Garc\u00eda M.\/Zona Roja. Oaxaca de Ju\u00e1rez, Oax., a 10 de agosto de 2024.- En&hellip;<\/p>\n","protected":false},"author":2,"featured_media":71242,"comment_status":"closed","ping_status":"open","sticky":false,"template":"","format":"standard","meta":{"_lmt_disableupdate":"","_lmt_disable":"","_jetpack_memberships_contains_paid_content":false,"footnotes":""},"categories":[109,47],"tags":[1336],"class_list":["post-71238","post","type-post","status-publish","format-standard","has-post-thumbnail","hentry","category-minuto-a-minuto","category-zona-gris","tag-bahias-de-huatulco"],"jetpack_featured_media_url":"https:\/\/zonaroja.com.mx\/wp-content\/uploads\/2024\/08\/Rayo-mata-a-mujer-Huaulco.jpeg","jetpack_sharing_enabled":true,"_links":{"self":[{"href":"https:\/\/zonaroja.com.mx\/index.php?rest_route=\/wp\/v2\/posts\/71238","targetHints":{"allow":["GET"]}}],"collection":[{"href":"https:\/\/zonaroja.com.mx\/index.php?rest_route=\/wp\/v2\/posts"}],"about":[{"href":"https:\/\/zonaroja.com.mx\/index.php?rest_route=\/wp\/v2\/types\/post"}],"author":[{"embeddable":true,"href":"https:\/\/zonaroja.com.mx\/index.php?rest_route=\/wp\/v2\/users\/2"}],"replies":[{"embeddable":true,"href":"https:\/\/zonaroja.com.mx\/index.php?rest_route=%2Fwp%2Fv2%2Fcomments&post=71238"}],"version-history":[{"count":1,"href":"https:\/\/zonaroja.com.mx\/index.php?rest_route=\/wp\/v2\/posts\/71238\/revisions"}],"predecessor-version":[{"id":71243,"href":"https:\/\/zonaroja.com.mx\/index.php?rest_route=\/wp\/v2\/posts\/71238\/revisions\/71243"}],"wp:featuredmedia":[{"embeddable":true,"href":"https:\/\/zonaroja.com.mx\/index.php?rest_route=\/wp\/v2\/media\/71242"}],"wp:attachment":[{"href":"https:\/\/zonaroja.com.mx\/index.php?rest_route=%2Fwp%2Fv2%2Fmedia&parent=71238"}],"wp:term":[{"taxonomy":"category","embeddable":true,"href":"https:\/\/zonaroja.com.mx\/index.php?rest_route=%2Fwp%2Fv2%2Fcategories&post=71238"},{"taxonomy":"post_tag","embeddable":true,"href":"https:\/\/zonaroja.com.mx\/index.php?rest_route=%2Fwp%2Fv2%2Ftags&post=71238"}],"curies":[{"name":"wp","href":"https:\/\/api.w.org\/{rel}","templated":true}]}}